{"id":200,"date":"2004-07-07T17:11:38","date_gmt":"2004-07-07T17:11:38","guid":{"rendered":"http:\/\/junjan.org\/wordpress\/?p=200"},"modified":"2004-07-07T17:11:38","modified_gmt":"2004-07-07T17:11:38","slug":"previsible","status":"publish","type":"post","link":"https:\/\/junjan.org\/wordpress\/2004\/07\/previsible\/","title":{"rendered":"Previsible"},"content":{"rendered":"<p>El l\u00edo que se est\u00e1 montando con la \u00abComisi\u00f3n\u00bb:http:\/\/www.elmundo.es\/documentos\/2004\/03\/espana\/atentados11m\/comision\/ultimahora.html de investigaci\u00f3n del Congreso sobre los atentados del 11M, era totalmente previsible.<br \/>\nSe sab\u00eda de antemano que se iba a convertir con toda probabilidad en una \u00abcasa de locos\u00bb. (Me perdonen los locos por tan horr\u00edsona comparaci\u00f3n) \u00bfPor qu\u00e9?<br \/>\nVarias razones:<br \/>\n> Los dos grupos (PP _versus_ el resto) tienen posiciones antag\u00f3nicas y totalmente irreconciliables. El PP ha demostrado un sobrado n\u00famero de veces, que no va a reconocer que tuvo \u00abimprevisiones pol\u00edticas\u00bb y que recurri\u00f3 con total descaro a ETA como reclamo electoral.<br \/>\n> En Espa\u00f1a no existen las \u00abresponsabilidades pol\u00edticas\u00bb. En el supuesto caso que se consiguiera demostrar, \u00aba gusto de todos\u00bb, que el gobierno del PP minti\u00f3, nadie va a dimitir. Aznar ya no est\u00e1 \u00aben activo\u00bb y el resto no va a dejar sus esca\u00f1os.<br \/>\n> Los testigos (salvo honradas excepciones) est\u00e1n totalmente mediatizados, y muchos de ellos o son cargos pol\u00edticos o dependen de cargos pol\u00edticos&#8230;<br \/>\n\u00bfQu\u00e9 se va a conseguir entonces?<br \/>\nA nivel de opini\u00f3n popular, no demasiado. Los que opinamos que el PP minti\u00f3 e intento responsabilizar a ETA por motivos electoralistas, vamos a seguir convencidos de ello, aunque hora tendremos pruebas \u00abm\u00e1s feacientes\u00bb para demostrarlo. Los que est\u00e1n a favor del PP van a seguir a favor, incluso m\u00e1s si cabe.<br \/>\nA nivel de normalizaci\u00f3n democr\u00e1tica mucho. Si esto se hace norma, puede ser que cuando las comisiones de investigaci\u00f3n sean \u00abrutinarias\u00bb, las \u00abresponsabilidades pol\u00edticas\u00bb entren en el vocabulario de los partidos.<\/p>\n","protected":false},"excerpt":{"rendered":"<p>El l\u00edo que se est\u00e1 montando con la \u00abComisi\u00f3n\u00bb:http:\/\/www.elmundo.es\/documentos\/2004\/03\/espana\/atentados11m\/comision\/ultimahora.html de investigaci\u00f3n del Congreso sobre los atentados del 11M, era totalmente previsible. Se sab\u00eda de antemano que se iba a convertir con toda probabilidad en una \u00abcasa de locos\u00bb. (Me perdonen los locos por tan horr\u00edsona comparaci\u00f3n) \u00bfPor qu\u00e9? Varias razones: > Los dos grupos (PP&hellip;&nbsp;<a href=\"https:\/\/junjan.org\/wordpress\/2004\/07\/previsible\/\" rel=\"bookmark\">Leer m\u00e1s &raquo;<span class=\"screen-reader-text\">Previsible<\/span><\/a><\/p>\n","protected":false},"author":1,"featured_media":0,"comment_status":"open","ping_status":"open","sticky":false,"template":"","format":"standard","meta":{"neve_meta_sidebar":"","neve_meta_container":"","neve_meta_enable_content_width":"","neve_meta_content_width":0,"neve_meta_title_alignment":"","neve_meta_author_avatar":"","neve_post_elements_order":"","neve_meta_disable_header":"","neve_meta_disable_footer":"","neve_meta_disable_title":"","footnotes":""},"categories":[9],"tags":[],"class_list":["post-200","post","type-post","status-publish","format-standard","hentry","category-opinion"],"_links":{"self":[{"href":"https:\/\/junjan.org\/wordpress\/wp-json\/wp\/v2\/posts\/200","targetHints":{"allow":["GET"]}}],"collection":[{"href":"https:\/\/junjan.org\/wordpress\/wp-json\/wp\/v2\/posts"}],"about":[{"href":"https:\/\/junjan.org\/wordpress\/wp-json\/wp\/v2\/types\/post"}],"author":[{"embeddable":true,"href":"https:\/\/junjan.org\/wordpress\/wp-json\/wp\/v2\/users\/1"}],"replies":[{"embeddable":true,"href":"https:\/\/junjan.org\/wordpress\/wp-json\/wp\/v2\/comments?post=200"}],"version-history":[{"count":0,"href":"https:\/\/junjan.org\/wordpress\/wp-json\/wp\/v2\/posts\/200\/revisions"}],"wp:attachment":[{"href":"https:\/\/junjan.org\/wordpress\/wp-json\/wp\/v2\/media?parent=200"}],"wp:term":[{"taxonomy":"category","embeddable":true,"href":"https:\/\/junjan.org\/wordpress\/wp-json\/wp\/v2\/categories?post=200"},{"taxonomy":"post_tag","embeddable":true,"href":"https:\/\/junjan.org\/wordpress\/wp-json\/wp\/v2\/tags?post=200"}],"curies":[{"name":"wp","href":"https:\/\/api.w.org\/{rel}","templated":true}]}}