{"id":2005,"date":"2012-02-09T22:22:32","date_gmt":"2012-02-09T21:22:32","guid":{"rendered":"http:\/\/junjan.org\/wordpress\/?p=2005"},"modified":"2012-02-09T22:22:32","modified_gmt":"2012-02-09T21:22:32","slug":"apoyo-a-la-corrupcion","status":"publish","type":"post","link":"https:\/\/junjan.org\/wordpress\/2012\/02\/apoyo-a-la-corrupcion\/","title":{"rendered":"Apoyo a la corrupci\u00f3n"},"content":{"rendered":"<p><strong>Nota de Baltasar Garz\u00f3n sobre la sentencia del Tribunal Supremo que le condena a 11 a\u00f1os de inhabilitaci\u00f3n por su actuaci\u00f3n en el caso G\u00fcrtel de\u00a0corrupci\u00f3n\u00a0pol\u00edtica masiva.<\/strong><\/p>\n<blockquote><p>\u00abRechazo frontalmente la sentencia que me ha sido notificada en el d\u00eda de hoy.<\/p>\n<p>Lo hago por entender que no se ajusta a derecho, que me condena de forma injusta y predeterminada.<\/p>\n<p>He trabajado contra el terrorismo, el narcotr\u00e1fico, los cr\u00edmenes contra la humanidad y la corrupci\u00f3n. Lo he hecho con la ley en la mano y en uni\u00f3n de fiscales, jueces y polic\u00eda. En este trabajo, siempre he cumplido con rigor las normas, he defendido los derechos de los justiciables y de las v\u00edctimas en situaciones muy adversas.<\/p>\n<p>Ahora y a lo largo de este procedimiento, mis derechos han sido sistem\u00e1ticamente violentados, mis peticiones de defensa desatendidas, el juicio oral una excusa, cuyo contenido ha sido utilizado s\u00f3lo contra m\u00ed, prescindiendo de los elementos favorables que me beneficiaban, para, con ello, poder dar forma a una sentencia que ya estaba anunciada desde hace meses.<\/p>\n<p>Mi actuaci\u00f3n en el denominado caso G\u00fcrtel, se ajust\u00f3 a la ley y en su desarrollo, tom\u00e9 todas las medidas para garantizar el derecho de defensa y la investigaci\u00f3n de delitos muy graves relacionados con la corrupci\u00f3n, partiendo de los contundentes indicios y para evitar la continuidad delictiva de blanqueo de dinero de los jefes mafiosos que utilizaban, como ya lo hab\u00edan hecho antes, a los abogados designados.<\/p>\n<p>Se me ha impedido aportar las pruebas que lo demostraban y se ha prescindido de la implicaci\u00f3n y participaci\u00f3n de abogados en la trama.<\/p>\n<p>La afirmaci\u00f3n que se contiene en la sentencia para justificar el supuesto dolo de que \u201cla inclusi\u00f3n de la cl\u00e1usula previniendo el derecho de defensa dejando a un lado su efectividad, revela que sab\u00eda que su resoluci\u00f3n afectaba a este derecho\u201d es una aberraci\u00f3n que contradice todo el sentido de la misma y se utiliza para eliminar la base de mi absoluci\u00f3n. La sentencia no dice en ning\u00fan momento cual es el da\u00f1o producido en el derecho de defensa y no lo dice sencillamente porque no existe. Lo inventa. As\u00ed mismo falta a la verdad cuando se dice que no se ejecut\u00f3 la medida de salvaguardar dicho derecho, cuando personalmente me cuide de garantizarlo y as\u00ed lo avalan las pruebas practicadas e ignoradas por el tribunal.<\/p>\n<p>Esta sentencia, sin raz\u00f3n jur\u00eddica para ello ni pruebas que la sustenten, elimina toda posibilidad para investigar la corrupci\u00f3n y sus delitos asociados abriendo espacios de impunidad y contribuye gravemente, en el af\u00e1n de acabar con un concreto juez, a laminar la independencia de los jueces en Espa\u00f1a.<\/p>\n<p>Acudir\u00e9 a las v\u00edas legales que correspondan para combatir esta sentencia y ejercer\u00e9 todas las acciones que sean pertinentes para tratar de paliar el perjuicio irreparable que los autores de esta sentencia han cometido.<\/p>\n<p>Madrid a 9 de febrero de 2012<\/p><\/blockquote>\n<p>Texto de la sentencia <a href=\"http:\/\/imagenes.publico-estaticos.es\/resources\/archivos\/2012\/2\/9\/1328793153123sentencia%20garzon.pdf\" target=\"_blank\">aqu\u00ed<\/a>.<\/p>\n<p>Totalmente de acuerdo con lo que ha expresado\u00a0Carlos Jim\u00e9nez Villarejo, exfiscal Anticorrupci\u00f3n en\u00a0<a href=\"http:\/\/www.cadenaser.com\/la-ventana\/\">La Ventana<\/a>\u00a0de la SER:<\/p>\n<blockquote><p>\u00abEl Supremo es un tribunal arrodillado a la corrupci\u00f3n que representa G\u00fcrtel; hoy es un d\u00eda de verg\u00fcenza para el sistema democr\u00e1tico, judicial y para el Tribunal Supremo.<\/p>\n<p>Esta sentencia es un bal\u00f3n de ox\u00edgeno para la corrupci\u00f3n imperante en Espa\u00f1a y una coerci\u00f3n expresa a cualquier magistrado que decida acordar un sistema de investigaci\u00f3n leg\u00edtimo como son las escuchas telef\u00f3nicas\u201d. E<\/p>\n<p>l Supremo es una casta de bur\u00f3cratas al servicio de la venganza institucional\u201d.<\/p><\/blockquote>\n","protected":false},"excerpt":{"rendered":"<p>Nota de Baltasar Garz\u00f3n sobre la sentencia del Tribunal Supremo que le condena a 11 a\u00f1os de inhabilitaci\u00f3n por su actuaci\u00f3n en el caso G\u00fcrtel de\u00a0corrupci\u00f3n\u00a0pol\u00edtica masiva. \u00abRechazo frontalmente la sentencia que me ha sido notificada en el d\u00eda de hoy. Lo hago por entender que no se ajusta a derecho, que me condena de&hellip;&nbsp;<a href=\"https:\/\/junjan.org\/wordpress\/2012\/02\/apoyo-a-la-corrupcion\/\" rel=\"bookmark\">Leer m\u00e1s &raquo;<span class=\"screen-reader-text\">Apoyo a la corrupci\u00f3n<\/span><\/a><\/p>\n","protected":false},"author":1,"featured_media":0,"comment_status":"open","ping_status":"open","sticky":false,"template":"","format":"standard","meta":{"neve_meta_sidebar":"","neve_meta_container":"","neve_meta_enable_content_width":"","neve_meta_content_width":0,"neve_meta_title_alignment":"","neve_meta_author_avatar":"","neve_post_elements_order":"","neve_meta_disable_header":"","neve_meta_disable_footer":"","neve_meta_disable_title":"","footnotes":""},"categories":[5],"tags":[861,860],"class_list":["post-2005","post","type-post","status-publish","format-standard","hentry","category-actualidad","tag-corrupcion","tag-garzon"],"_links":{"self":[{"href":"https:\/\/junjan.org\/wordpress\/wp-json\/wp\/v2\/posts\/2005","targetHints":{"allow":["GET"]}}],"collection":[{"href":"https:\/\/junjan.org\/wordpress\/wp-json\/wp\/v2\/posts"}],"about":[{"href":"https:\/\/junjan.org\/wordpress\/wp-json\/wp\/v2\/types\/post"}],"author":[{"embeddable":true,"href":"https:\/\/junjan.org\/wordpress\/wp-json\/wp\/v2\/users\/1"}],"replies":[{"embeddable":true,"href":"https:\/\/junjan.org\/wordpress\/wp-json\/wp\/v2\/comments?post=2005"}],"version-history":[{"count":2,"href":"https:\/\/junjan.org\/wordpress\/wp-json\/wp\/v2\/posts\/2005\/revisions"}],"predecessor-version":[{"id":2007,"href":"https:\/\/junjan.org\/wordpress\/wp-json\/wp\/v2\/posts\/2005\/revisions\/2007"}],"wp:attachment":[{"href":"https:\/\/junjan.org\/wordpress\/wp-json\/wp\/v2\/media?parent=2005"}],"wp:term":[{"taxonomy":"category","embeddable":true,"href":"https:\/\/junjan.org\/wordpress\/wp-json\/wp\/v2\/categories?post=2005"},{"taxonomy":"post_tag","embeddable":true,"href":"https:\/\/junjan.org\/wordpress\/wp-json\/wp\/v2\/tags?post=2005"}],"curies":[{"name":"wp","href":"https:\/\/api.w.org\/{rel}","templated":true}]}}