{"id":2040,"date":"2012-03-30T00:19:25","date_gmt":"2012-03-29T22:19:25","guid":{"rendered":"http:\/\/junjan.org\/wordpress\/?p=2040"},"modified":"2012-03-30T00:44:59","modified_gmt":"2012-03-29T22:44:59","slug":"29m-barcelona-los-mozos-de-escuadra-la-lian-parda","status":"publish","type":"post","link":"https:\/\/junjan.org\/wordpress\/2012\/03\/29m-barcelona-los-mozos-de-escuadra-la-lian-parda\/","title":{"rendered":"29M Barcelona: Los Mozos de Escuadra la lian parda"},"content":{"rendered":"<p lang=\"es-ES\">Hoy he ido a la manifestaci\u00f3n contra la reforma laboral. He quedado felizmente en la Plaza de Catalu\u00f1a con mi pareja, seis de la tarde, y nos hemos sumado a un grupo numeroso y pac\u00edfico de ciudadanos que planeaban emprender su caminata por las calles de Barcelona. Obviamente estoy hablando del movimiento 15M, de los estudiantes, de familias enteras, abuelos, ni\u00f1os, adultos de mediana edad, trabajadores varios y dem\u00e1s parientes que no se sienten identificados con un sindicato. Estaba li\u00e1ndome tranquilamente un cigarrillo, cuando para mi sorpresa la gente ha echado a correr sin previo aviso. \u201cNo es posible\u201d, he pensado, \u201cc\u00f3mo van a cargar en un d\u00eda de huelga general y en una manifestaci\u00f3n pac\u00edfica llena de ni\u00f1os y viejos\u201d. As\u00ed que he seguido li\u00e1ndome el cigarro hasta que los ten\u00eda encima. Efectivamente, los mozos de escuadra han cargado sin previo aviso y nos han dado de palos sin motivo aparente. El efecto ha sido nefasto, lo que era una marcha pac\u00edfica se ha convertido en un tira y afloja dentro de una plaza cercada por la polic\u00eda, que ha desembocado en lo que ahora la prensa puede catalogar como \u201cactos vand\u00e1licos de una segunda manifestaci\u00f3n ilegal\u201d. Manipulaci\u00f3n y mentira, premeditadas y da\u00f1inas, cuyo \u00fanico objetivo es crear una excusa que enmascare el hecho de que muchos miles de ciudadanos han salido a la calle a plantarle cara a una pol\u00edtica de restricciones con la que no estamos de acuerdo. Y qu\u00e9 puede hacer el gobierno sino crear falsas opiniones , ya que no tiene argumentos&#8230;<\/p>\n<p lang=\"es-ES\"><a href=\"http:\/\/junjan.org\/wordpress\/wp-content\/uploads\/2012\/03\/IMG_0756.jpg\"><img loading=\"lazy\" decoding=\"async\" class=\"alignleft size-large wp-image-2044\" title=\"29M llamas\" src=\"http:\/\/junjan.org\/wordpress\/wp-content\/uploads\/2012\/03\/IMG_0756-1024x841.jpg\" alt=\"\" width=\"540\" height=\"443\" srcset=\"https:\/\/junjan.org\/wordpress\/wp-content\/uploads\/2012\/03\/IMG_0756-1024x841.jpg 1024w, https:\/\/junjan.org\/wordpress\/wp-content\/uploads\/2012\/03\/IMG_0756-300x246.jpg 300w\" sizes=\"auto, (max-width: 540px) 100vw, 540px\" \/><\/a><\/p>\n<p lang=\"es-ES\">\n<p lang=\"es-ES\">\n<p lang=\"es-ES\">\n<p lang=\"es-ES\">\n<p lang=\"es-ES\">\n<p lang=\"es-ES\">\n<p lang=\"es-ES\">\n<p lang=\"es-ES\">\n<p lang=\"es-ES\">\n<p lang=\"es-ES\">\n<p lang=\"es-ES\">\n<p lang=\"es-ES\">\n<p lang=\"es-ES\">\n<p lang=\"es-ES\">\n<p lang=\"es-ES\">\n<p lang=\"es-ES\">\n<p lang=\"es-ES\">\n<p lang=\"es-ES\">Ver tambi\u00e9n:<\/p>\n<p lang=\"es-ES\">\u00ac\u00a0<a href=\"http:\/\/youtu.be\/MvKxZBDu80s\" target=\"_blank\">V\u00eddeo\u00a0de c\u00f3mo desalojaban los mozos la Plaza m\u00e1s tarde<\/a><\/p>\n<p lang=\"es-ES\">\n","protected":false},"excerpt":{"rendered":"<p>Hoy he ido a la manifestaci\u00f3n contra la reforma laboral. He quedado felizmente en la Plaza de Catalu\u00f1a con mi pareja, seis de la tarde, y nos hemos sumado a un grupo numeroso y pac\u00edfico de ciudadanos que planeaban emprender su caminata por las calles de Barcelona. Obviamente estoy hablando del movimiento 15M, de los&hellip;&nbsp;<a href=\"https:\/\/junjan.org\/wordpress\/2012\/03\/29m-barcelona-los-mozos-de-escuadra-la-lian-parda\/\" rel=\"bookmark\">Leer m\u00e1s &raquo;<span class=\"screen-reader-text\">29M Barcelona: Los Mozos de Escuadra la lian parda<\/span><\/a><\/p>\n","protected":false},"author":2,"featured_media":0,"comment_status":"open","ping_status":"open","sticky":false,"template":"","format":"standard","meta":{"neve_meta_sidebar":"","neve_meta_container":"","neve_meta_enable_content_width":"","neve_meta_content_width":0,"neve_meta_title_alignment":"","neve_meta_author_avatar":"","neve_post_elements_order":"","neve_meta_disable_header":"","neve_meta_disable_footer":"","neve_meta_disable_title":"","footnotes":""},"categories":[5],"tags":[868,698,626,869],"class_list":["post-2040","post","type-post","status-publish","format-standard","hentry","category-actualidad","tag-29m","tag-barcelona","tag-manifestacion","tag-violencia"],"_links":{"self":[{"href":"https:\/\/junjan.org\/wordpress\/wp-json\/wp\/v2\/posts\/2040","targetHints":{"allow":["GET"]}}],"collection":[{"href":"https:\/\/junjan.org\/wordpress\/wp-json\/wp\/v2\/posts"}],"about":[{"href":"https:\/\/junjan.org\/wordpress\/wp-json\/wp\/v2\/types\/post"}],"author":[{"embeddable":true,"href":"https:\/\/junjan.org\/wordpress\/wp-json\/wp\/v2\/users\/2"}],"replies":[{"embeddable":true,"href":"https:\/\/junjan.org\/wordpress\/wp-json\/wp\/v2\/comments?post=2040"}],"version-history":[{"count":4,"href":"https:\/\/junjan.org\/wordpress\/wp-json\/wp\/v2\/posts\/2040\/revisions"}],"predecessor-version":[{"id":2042,"href":"https:\/\/junjan.org\/wordpress\/wp-json\/wp\/v2\/posts\/2040\/revisions\/2042"}],"wp:attachment":[{"href":"https:\/\/junjan.org\/wordpress\/wp-json\/wp\/v2\/media?parent=2040"}],"wp:term":[{"taxonomy":"category","embeddable":true,"href":"https:\/\/junjan.org\/wordpress\/wp-json\/wp\/v2\/categories?post=2040"},{"taxonomy":"post_tag","embeddable":true,"href":"https:\/\/junjan.org\/wordpress\/wp-json\/wp\/v2\/tags?post=2040"}],"curies":[{"name":"wp","href":"https:\/\/api.w.org\/{rel}","templated":true}]}}