{"id":206,"date":"2004-07-14T13:30:09","date_gmt":"2004-07-14T13:30:09","guid":{"rendered":"http:\/\/junjan.org\/wordpress\/?p=206"},"modified":"2004-07-14T13:30:09","modified_gmt":"2004-07-14T13:30:09","slug":"conspiraciones_a_gogo","status":"publish","type":"post","link":"https:\/\/junjan.org\/wordpress\/2004\/07\/conspiraciones_a_gogo\/","title":{"rendered":"Conspiraciones a Go-Go"},"content":{"rendered":"<p>\u00abEl Mundo\u00bb sigue en su fren\u00e9tica carrera para conseguir el mayor n\u00famero de conspiraciones por segundo (cps) en los atentados del 11M y d\u00edas posteriores.  En la portada de hoy, cambia de culpable. Su titular, **\u00bbCarod y Otegui impulsaron una estrategia para que el 13-M hubiera la mayor anormalidad posible\u00bb** (ver [\u00abart\u00edculo\u00bb:http:\/\/www.elmundo.es\/elmundo\/2004\/07\/14\/espana\/1089772523.html]). Al parecer la conspiraci\u00f3n del PSOE ayudado por las facciones socialistas de la polic\u00eda, ha pasado a mejor vida, y lo que est\u00e1 en boga son los nacionalistas.<\/p>\n<div class=\"citation\">\n\u00abEl prop\u00f3sito de este contacto de Carod-Rovira ser\u00eda, por una parte, impulsar la movilizaci\u00f3n de las fuerzas nacionalistas vascas en contra del Gobierno, y por otra, conseguir su colaboraci\u00f3n para forzar al PSOE a entrar abiertamente en una din\u00e1mica de presi\u00f3n sobre el Ejecutivo\u00bb, dice el informe secreto.\n<\/div>\n<p>Al final va a resultar que los que fuimos a Genova eramos miembros de una coalici\u00f3n anarco-nacionalista-etarra&#8230; \u00bfCu\u00e1ndo van a  aparecer los \u00abHombres de Negro\u00bb?<\/p>\n","protected":false},"excerpt":{"rendered":"<p>\u00abEl Mundo\u00bb sigue en su fren\u00e9tica carrera para conseguir el mayor n\u00famero de conspiraciones por segundo (cps) en los atentados del 11M y d\u00edas posteriores. En la portada de hoy, cambia de culpable. Su titular, **\u00bbCarod y Otegui impulsaron una estrategia para que el 13-M hubiera la mayor anormalidad posible\u00bb** (ver [\u00abart\u00edculo\u00bb:http:\/\/www.elmundo.es\/elmundo\/2004\/07\/14\/espana\/1089772523.html]). Al parecer la&hellip;&nbsp;<a href=\"https:\/\/junjan.org\/wordpress\/2004\/07\/conspiraciones_a_gogo\/\" rel=\"bookmark\">Leer m\u00e1s &raquo;<span class=\"screen-reader-text\">Conspiraciones a Go-Go<\/span><\/a><\/p>\n","protected":false},"author":1,"featured_media":0,"comment_status":"open","ping_status":"open","sticky":false,"template":"","format":"standard","meta":{"neve_meta_sidebar":"","neve_meta_container":"","neve_meta_enable_content_width":"","neve_meta_content_width":0,"neve_meta_title_alignment":"","neve_meta_author_avatar":"","neve_post_elements_order":"","neve_meta_disable_header":"","neve_meta_disable_footer":"","neve_meta_disable_title":"","footnotes":""},"categories":[9],"tags":[],"class_list":["post-206","post","type-post","status-publish","format-standard","hentry","category-opinion"],"_links":{"self":[{"href":"https:\/\/junjan.org\/wordpress\/wp-json\/wp\/v2\/posts\/206","targetHints":{"allow":["GET"]}}],"collection":[{"href":"https:\/\/junjan.org\/wordpress\/wp-json\/wp\/v2\/posts"}],"about":[{"href":"https:\/\/junjan.org\/wordpress\/wp-json\/wp\/v2\/types\/post"}],"author":[{"embeddable":true,"href":"https:\/\/junjan.org\/wordpress\/wp-json\/wp\/v2\/users\/1"}],"replies":[{"embeddable":true,"href":"https:\/\/junjan.org\/wordpress\/wp-json\/wp\/v2\/comments?post=206"}],"version-history":[{"count":0,"href":"https:\/\/junjan.org\/wordpress\/wp-json\/wp\/v2\/posts\/206\/revisions"}],"wp:attachment":[{"href":"https:\/\/junjan.org\/wordpress\/wp-json\/wp\/v2\/media?parent=206"}],"wp:term":[{"taxonomy":"category","embeddable":true,"href":"https:\/\/junjan.org\/wordpress\/wp-json\/wp\/v2\/categories?post=206"},{"taxonomy":"post_tag","embeddable":true,"href":"https:\/\/junjan.org\/wordpress\/wp-json\/wp\/v2\/tags?post=206"}],"curies":[{"name":"wp","href":"https:\/\/api.w.org\/{rel}","templated":true}]}}