{"id":207,"date":"2004-07-15T11:53:36","date_gmt":"2004-07-15T11:53:36","guid":{"rendered":"http:\/\/junjan.org\/wordpress\/?p=207"},"modified":"2004-07-15T11:53:36","modified_gmt":"2004-07-15T11:53:36","slug":"sudn_en_el_ojo_del_huracn","status":"publish","type":"post","link":"https:\/\/junjan.org\/wordpress\/2004\/07\/sudn_en_el_ojo_del_huracn\/","title":{"rendered":"Sud\u00e1n, en el ojo del hurac\u00e1n"},"content":{"rendered":"<p>La cruenta matanza que azota Sud\u00e1n tiene ya proporciones dif\u00edciles de calcular. Seg\u00fan diversos informes de \u00ab[\u00abAmnist\u00eda Internacional\u00bb:http:\/\/www.es.amnesty.org\/]\u00bb, la situaci\u00f3n es totalmente deseperada. La milicias armadas _Janjawid_ respaldadas e instigadas por las fuerzas armadas gubernamentales est\u00e1n masacrando literalmente a la poblaci\u00f3n civil de la zona de Darfur. Ver \u00ab[\u00abSud\u00e1n: Contin\u00faan la muerte y la devastaci\u00f3n en Darfur\u00bb:http:\/\/www.es.amnesty.org\/com\/2004\/com_03jun04.shtm]\u00bb.<\/p>\n<div class=\"citation\">\n\u00abAunque entre las autoridades de Jartum y el Ej\u00e9rcito de Liberaci\u00f3n Popular de Sud\u00e1n est\u00e1 surgiendo la l\u00f3gica de la paz, la din\u00e1mica de la guerra sigue muy arraigada en Darfur.\u00bb<br \/>\n\u00abLa violencia contra los civiles no s\u00f3lo constituye una infracci\u00f3n de las normas internacionales de derechos humanos, sino que con frecuencia parece ser un intento deliberado de humillar y destruir el tejido social de las comunidades. Hemos escuchado relatos sobre c\u00f3mo se ha dado muerte de forma sumaria y sistem\u00e1tica a civiles, incluso en mezquitas, sobre c\u00f3mo se ha violado a mujeres y ni\u00f1as con sus esposos o padres en las cercan\u00edas u sobre c\u00f3mo se ha quemado a ancianas dentro de sus casas\u00bb, han declarado los delegados de Amnist\u00eda Internacional.<br \/>\nUno de los puntos de inter\u00e9s para la delegaci\u00f3n de Amnist\u00eda Internacional era la violencia contra las mujeres.\u00bbVen\u00edan y se llevaban a nuestras esposas e hijas; no les avergonzaba violarlas a la vista de todo el mundo\u00bb, dijo el jefe de un poblado, hablando de la violencia sufrida por las mujeres durante el conflicto.<br \/>\nUna mujer cont\u00f3 c\u00f3mo unos atacantes, vestidos unos de civil y otros de uniforme caqui, se las llevaron a ella y un grupo de ni\u00f1as y las violaron repetidamente durante tres d\u00edas. Luego les dijeron: \u00abLa pr\u00f3xima vez que vengamos, os exterminaremos, no dejaremos vivo ni a un ni\u00f1o\u00bb.\n<\/div>\n<p>El apoyo gubernamental a estas matanzas, torturas y violaciones, es evidente, aunque el gobierno contin\u00faa neg\u00e1ndolo, y la comunidad internacional no est\u00e1 ejerciendo la presi\u00f3n necesaria para que acabe.  Ver \u00ab[\u00abSud\u00e1n: El gobierno es responsable de la devastaci\u00f3n de Darfur pero lo sigue negando\u00bb:http:\/\/www.es.amnesty.org\/com\/2004\/com_20jun04.shtm]\u00bb.<\/p>\n<div class=\"citation\">\n\u201cEn \u00faltima instancia, el gobierno de Sud\u00e1n es responsable del desplazamiento de m\u00e1s de un mill\u00f3n de civiles y el horroroso panorama del incendio de pueblos, homicidio de civiles, violaciones, saqueos generalizados y destrucci\u00f3n sistem\u00e1tica de los medios de vida de la poblaci\u00f3n a manos de sus aliados, las milicias Janjawid, que han recibido constantemente el respaldo del ej\u00e9rcito y la fuerza a\u00e9rea sudaneses \u2013afirma Amnist\u00eda Internacional\u2013. Sin embargo, el gobierno sudan\u00e9s, que tiene la obligaci\u00f3n de adoptar todas las medidas necesarias para proteger los derechos de la poblaci\u00f3n civil y permitir que la ayuda humanitaria llegue libremente y sin trabas a los desplazados internos, sigue obstaculizando el acceso de veh\u00edculos, suministros m\u00e9dicos y hasta alimentos, mientras que en numerosas declaraciones p\u00fablicas persiste en negar la gravedad de la crisis humanitaria y de derechos humanos que aflige a Darfur.\u201d<br \/>\n\u201cAl comenzar la estaci\u00f3n de las lluvias, es urgente asegurar que la poblaci\u00f3n desplazada a ambos lados de la frontera de Sud\u00e1n y Chad reciba la ayuda y protecci\u00f3n que necesita, ya que las lluvias impedir\u00e1n el acceso a los campos de refugiados pr\u00e1cticamente hasta el mes de octubre \u2013puntualiza Amnist\u00eda Internacional\u2013. Cuando los campamentos y los asentamientos se vuelvan a\u00fan m\u00e1s inaccesibles a los organismos internacionales de ayuda humanitaria se correr\u00e1 el peligro de que muera un elevado n\u00famero de miembros de grupos vulnerables, como los ni\u00f1os y los ancianos.\u201d\n<\/div>\n<p>La implicaci\u00f3n del ej\u00e9rcito gubernamental est\u00e1 cada vez m\u00e1s demostrada por los testimonios de los supervivientes que van apereciendo. Ver \u00ab[\u00abSud\u00e1n: El Consejo de Seguridad de la ONU debe poner fin a las transferencias de armas a Sud\u00e1n y a las milicias Janjawid\u00bb:http:\/\/www.es.amnesty.org\/com\/2004\/com_02jul04b.shtm]\u00bb.<\/p>\n<div class=\"citation\">\n_\u201cEra muy temprano. Todo el mundo dorm\u00eda. Llegaron cerca de 400 hombres armados con pistolas y acordonaron la aldea. Iban en veh\u00edculos y vestidos con los mismos uniformes que llevan los militares. Despu\u00e9s lleg\u00f3 un avi\u00f3n para asegurarse de que la operaci\u00f3n sal\u00eda bien. Al menos 82 personas murieron en el primer ataque. A algunas las mataron de un disparo, a otras \u2013ni\u00f1os y ancianos entre ellas\u2013, las quemaron vivas en su propia casa.\u201d_<br \/>\nTestimonio de un campesino a los delegados de Amnist\u00eda Internacional sobre un ataque contra Murli, cerca de al-Jeneina, en agosto de 2003.<br \/>\n(&#8230;)<br \/>\nUn refugiado de Jafal entrevistado en Chad en noviembre de 2003 afirm\u00f3 que miembros de las Janjawid  le dijeron: \u201cUstedes son opositores al r\u00e9gimen y debemos aplastarlos. Despu\u00e9s, toda la regi\u00f3n de Darfur estar\u00e1 en nuestras manos. El gobierno est\u00e1 de nuestra parte. Un avi\u00f3n del gobierno nos apoya y nos proporciona municiones y alimentos\u201d.\n<\/div>\n<p>Toda esta informaci\u00f3n es claramente inapelable, pero aun as\u00ed, la comunidad internacional sigue manteniendo una actitud distante y tibia al respecto. El Consejo de Seguridad de la ONU (donde Espa\u00f1a es miembro) no ha asumido su responsabilidad en el control al gobierno de Sud\u00e1n. Ver \u00ab[\u00bb Sud\u00e1n: El Consejo de Seguridad debe asumir sus responsabilidades\u00bb:http:\/\/www.es.amnesty.org\/com\/2004\/com_14jul04b.shtm]\u00bb.<\/p>\n<div class=\"citation\">\n\u201cLos motivos de preocupaci\u00f3n expresados por el Consejo de Seguridad deben convertirse urgentemente en acciones concretas. Las v\u00edctimas de las violaciones de derechos humanos en Sud\u00e1n no pueden seguir esperando.\u201d<br \/>\nPese a los compromisos realizados por el gobierno de Sud\u00e1n, reflejados en el comunicado conjunto con las Naciones Unidas de 3 de julio, no se ha producido ning\u00fan cambio significativo para la poblaci\u00f3n civil de Darfur.<br \/>\nDadas las disposiciones generales de la Carta de la ONU, especialmente las que exigen que los Estados miembros cooperen en la promoci\u00f3n y protecci\u00f3n de los derechos humanos, cada uno de los pa\u00edses miembros del Consejo tiene no s\u00f3lo una responsabilidad moral, sino tambi\u00e9n jur\u00eddica, hacia los que sufren en Sud\u00e1n.\n<\/div>\n<p>\u00bfHabr\u00e1 que esperar al exterminio y desplazamiento de toda la poblaci\u00f3n de Darfur para que se manden tropas de la ONU?<br \/>\n\u00bfCu\u00e1l es el criterio para considerar que algo es una \u00abemergencia humanitaria\u00bb de obligada intervenci\u00f3n?<br \/>\n\u00bfBlancos antes que negros?<br \/>\n\u00bfRicos antes que pobres en recursos?<br \/>\n\u00bfEstrat\u00e9gicamente \u00fatiles?<\/p>\n","protected":false},"excerpt":{"rendered":"<p>La cruenta matanza que azota Sud\u00e1n tiene ya proporciones dif\u00edciles de calcular. Seg\u00fan diversos informes de \u00ab[\u00abAmnist\u00eda Internacional\u00bb:http:\/\/www.es.amnesty.org\/]\u00bb, la situaci\u00f3n es totalmente deseperada. La milicias armadas _Janjawid_ respaldadas e instigadas por las fuerzas armadas gubernamentales est\u00e1n masacrando literalmente a la poblaci\u00f3n civil de la zona de Darfur. Ver \u00ab[\u00abSud\u00e1n: Contin\u00faan la muerte y la devastaci\u00f3n&hellip;&nbsp;<a href=\"https:\/\/junjan.org\/wordpress\/2004\/07\/sudn_en_el_ojo_del_huracn\/\" rel=\"bookmark\">Leer m\u00e1s &raquo;<span class=\"screen-reader-text\">Sud\u00e1n, en el ojo del hurac\u00e1n<\/span><\/a><\/p>\n","protected":false},"author":1,"featured_media":0,"comment_status":"open","ping_status":"open","sticky":false,"template":"","format":"standard","meta":{"neve_meta_sidebar":"","neve_meta_container":"","neve_meta_enable_content_width":"","neve_meta_content_width":0,"neve_meta_title_alignment":"","neve_meta_author_avatar":"","neve_post_elements_order":"","neve_meta_disable_header":"","neve_meta_disable_footer":"","neve_meta_disable_title":"","footnotes":""},"categories":[5],"tags":[],"class_list":["post-207","post","type-post","status-publish","format-standard","hentry","category-actualidad"],"_links":{"self":[{"href":"https:\/\/junjan.org\/wordpress\/wp-json\/wp\/v2\/posts\/207","targetHints":{"allow":["GET"]}}],"collection":[{"href":"https:\/\/junjan.org\/wordpress\/wp-json\/wp\/v2\/posts"}],"about":[{"href":"https:\/\/junjan.org\/wordpress\/wp-json\/wp\/v2\/types\/post"}],"author":[{"embeddable":true,"href":"https:\/\/junjan.org\/wordpress\/wp-json\/wp\/v2\/users\/1"}],"replies":[{"embeddable":true,"href":"https:\/\/junjan.org\/wordpress\/wp-json\/wp\/v2\/comments?post=207"}],"version-history":[{"count":0,"href":"https:\/\/junjan.org\/wordpress\/wp-json\/wp\/v2\/posts\/207\/revisions"}],"wp:attachment":[{"href":"https:\/\/junjan.org\/wordpress\/wp-json\/wp\/v2\/media?parent=207"}],"wp:term":[{"taxonomy":"category","embeddable":true,"href":"https:\/\/junjan.org\/wordpress\/wp-json\/wp\/v2\/categories?post=207"},{"taxonomy":"post_tag","embeddable":true,"href":"https:\/\/junjan.org\/wordpress\/wp-json\/wp\/v2\/tags?post=207"}],"curies":[{"name":"wp","href":"https:\/\/api.w.org\/{rel}","templated":true}]}}