{"id":21,"date":"2004-02-20T09:59:33","date_gmt":"2004-02-20T08:59:33","guid":{"rendered":"http:\/\/junjan.org\/wordpress\/?p=21"},"modified":"2011-05-24T23:22:38","modified_gmt":"2011-05-24T21:22:38","slug":"fachas_multimedia","status":"publish","type":"post","link":"https:\/\/junjan.org\/wordpress\/2004\/02\/fachas_multimedia\/","title":{"rendered":"Fachas multimedia"},"content":{"rendered":"<p>Ayer apareci\u00f3 en el peri\u00f3dico \u201cLa Raz\u00f3n\u201d otro exponente escandaloso de la manipulaci\u00f3n informativa que nos inunda. Es claro y di\u00e1fano que \u00e9ste peri\u00f3dico mantiene una pol\u00edtica ultrapartidista, siendo algo as\u00ed como la versi\u00f3n panfletaria y burda del ABC (si ello fuere posible). Si alguien ha le\u00eddo alguna vez \u00e9ste peri\u00f3dico habr\u00e1 visto que todas las noticias se manipulan en mayor o menor manera para \u201cencajar\u201d en la visi\u00f3n \u201cfacha\u201d del universo que mantiene su consejo editorial, ya sea adornando la informaci\u00f3n, ocultando parte (o casi todos) de los datos o a\u00f1adiendo opiniones dadas por mentes \u201cpreclaras\u201d como la de su director, el Sr. Anson. Pero lo de ayer, ya fue la bomba.<br \/>\nCuando vi la portada de La Raz\u00f3n casi que cre\u00ed que me enga\u00f1aba la vista. En la portada aparecen Carod Rovira dando la mano sonriente a un supuesto etarra (con pistola al cinto) y al fondo se ve un cartel electoral del PSOE con Zapatero sonriendo. En medio de la foto y en min\u00fascula letra dice: <span class=\"citation3i\">\u201cFotomontaje que recoge el encuentro entre el l\u00edder de ERC, Carod Rovira y los dirigentes de ETA\u201d<\/span>. Y eso es todo, \u00e9sa es la portada.<br \/>\nAqu\u00ed pod\u00e9is ver la foto, ver para creer: <a href=\"http:\/\/www.junjan.org\/weblog\/images\/portada_larazon.png\">Portada de La Raz\u00f3n<\/a>.<br \/>\nEn realidad no me sorprende que individuos como el Sr. Anson y su consejo editorial hagan \u00e9ste tipo de cosas, me parece hasta normal. Lo que me parece asombroso es que no se monte un esc\u00e1ndalo en el resto de medios, que nadie diga ni p\u00edo sobre el tema, que la gente no se pare a comentar lo disparatado del asunto, en fin, que parece que no pasa nada. \u00bfEstamos tan acostumbrados a la manipulaci\u00f3n informativa? \u00bfEst\u00e1 la sociedad espa\u00f1ola tan anestesiada?<br \/>\nEn cuanto al asunto de la tregua de ETA, recomiendo leer <a href=\"http:\/\/www.escolar.net\/MT\/archives\/000546.html\">\u00abETA pide el voto para el PP\u00bb<\/a> en Escolar.net. Estoy de acuerdo con lo opinado por Ignacio Escolar, independientemente de la opini\u00f3n que a uno le pueda merecer la actuaci\u00f3n de Carod-Rovira y la respuesta del PSOE, la utilizaci\u00f3n electoralista que est\u00e1 haciendo el PP es bochornosa (con la inestimable ayuda de ETA).<br \/>\nSalud y Rep\u00fablica.<\/p>\n","protected":false},"excerpt":{"rendered":"<p>Ayer apareci\u00f3 en el peri\u00f3dico \u201cLa Raz\u00f3n\u201d otro exponente escandaloso de la manipulaci\u00f3n informativa que nos inunda. Es claro y di\u00e1fano que \u00e9ste peri\u00f3dico mantiene una pol\u00edtica ultrapartidista, siendo algo as\u00ed como la versi\u00f3n panfletaria y burda del ABC (si ello fuere posible). Si alguien ha le\u00eddo alguna vez \u00e9ste peri\u00f3dico habr\u00e1 visto que todas&hellip;&nbsp;<a href=\"https:\/\/junjan.org\/wordpress\/2004\/02\/fachas_multimedia\/\" rel=\"bookmark\">Leer m\u00e1s &raquo;<span class=\"screen-reader-text\">Fachas multimedia<\/span><\/a><\/p>\n","protected":false},"author":1,"featured_media":0,"comment_status":"closed","ping_status":"open","sticky":false,"template":"","format":"standard","meta":{"neve_meta_sidebar":"","neve_meta_container":"","neve_meta_enable_content_width":"","neve_meta_content_width":0,"neve_meta_title_alignment":"","neve_meta_author_avatar":"","neve_post_elements_order":"","neve_meta_disable_header":"","neve_meta_disable_footer":"","neve_meta_disable_title":"","footnotes":""},"categories":[9],"tags":[662,661],"class_list":["post-21","post","type-post","status-publish","format-standard","hentry","category-opinion","tag-fachas","tag-fascismo"],"_links":{"self":[{"href":"https:\/\/junjan.org\/wordpress\/wp-json\/wp\/v2\/posts\/21","targetHints":{"allow":["GET"]}}],"collection":[{"href":"https:\/\/junjan.org\/wordpress\/wp-json\/wp\/v2\/posts"}],"about":[{"href":"https:\/\/junjan.org\/wordpress\/wp-json\/wp\/v2\/types\/post"}],"author":[{"embeddable":true,"href":"https:\/\/junjan.org\/wordpress\/wp-json\/wp\/v2\/users\/1"}],"replies":[{"embeddable":true,"href":"https:\/\/junjan.org\/wordpress\/wp-json\/wp\/v2\/comments?post=21"}],"version-history":[{"count":2,"href":"https:\/\/junjan.org\/wordpress\/wp-json\/wp\/v2\/posts\/21\/revisions"}],"predecessor-version":[{"id":1325,"href":"https:\/\/junjan.org\/wordpress\/wp-json\/wp\/v2\/posts\/21\/revisions\/1325"}],"wp:attachment":[{"href":"https:\/\/junjan.org\/wordpress\/wp-json\/wp\/v2\/media?parent=21"}],"wp:term":[{"taxonomy":"category","embeddable":true,"href":"https:\/\/junjan.org\/wordpress\/wp-json\/wp\/v2\/categories?post=21"},{"taxonomy":"post_tag","embeddable":true,"href":"https:\/\/junjan.org\/wordpress\/wp-json\/wp\/v2\/tags?post=21"}],"curies":[{"name":"wp","href":"https:\/\/api.w.org\/{rel}","templated":true}]}}