{"id":210,"date":"2004-07-19T12:48:37","date_gmt":"2004-07-19T12:48:37","guid":{"rendered":"http:\/\/junjan.org\/wordpress\/?p=210"},"modified":"2004-07-19T12:48:37","modified_gmt":"2004-07-19T12:48:37","slug":"noticias_de_desecho","status":"publish","type":"post","link":"https:\/\/junjan.org\/wordpress\/2004\/07\/noticias_de_desecho\/","title":{"rendered":"\u00bfNoticias de desecho?"},"content":{"rendered":"<p>Leer la prensa es una aventura para el pensamiento cr\u00edtico. Hay noticias que entran en un manique\u00edsmo de lo m\u00e1s interesante, buenos-malos, blancos-negros. Parece que no existe el gris en el espectro.<br \/>\nLo que me convirti\u00f3 el 13M en un \u00abmiembro rencoroso de la ultraizquierda\u00bb, me hace tomar con pinzas las noticias sobre manifestaciones \u00abfuera de la l\u00ednea de pensamiento\u00bb de los medios.<br \/>\nUn ejemplo de actualidad es la ya famosa, \u00abocupaci\u00f3n mar\u00edtima\u00bb o \u00abmanifestaci\u00f3n acu\u00e1tica\u00bb de los grupos anti-forum.<br \/>\nSi nos leemos [\u00abEl Mundo\u00bb:http:\/\/www.elmundo.es\/elmundo\/2004\/07\/18\/enespecial2\/1090154301.html], el mensaje que sacamos es claro:<\/p>\n<blockquote><p>\nUnos 300 miembros de la Asamblea antif\u00f3rum de Barcelona han tomado el recinto tras desembarcar en improvisadas pateras. Al llegar a tierra los manifestantes han saqueado varios puestos de alimentaci\u00f3n, han hecho pintadas, han destrozado una terraza e interrumpido el trayecto de uno de los trenes tur\u00edsticos, todo ello en medio de gritos contra el F\u00f3rum. Los activistas se han marchado tras casi tres horas de protestas que en algunos momentos se han vuelto violentas.\n<\/p><\/blockquote>\n<p>Pero si leemos el art\u00edculo de Alberto Arce en \u00ab[\u00abLa Insignia\u00bb:http:\/\/www.lainsignia.org\/2004\/julio\/ibe_048.htm]\u00bb, la imagen es otra:<\/p>\n<blockquote><p>\nLeyendo las notas de agencia, la prensa de tirada estatal y viendo los telediarios de las principales cadenas la conclusi\u00f3n es esta: \u00abUn grupo de v\u00e1ndalos marginales y con tendencias violentas han saqueado y atacado el Forum de las Culturas de Barcelona\u00bb. Nada podr\u00eda parecerse menos a la realidad. Nos enga\u00f1an una vez m\u00e1s. Siguiendo la l\u00ednea estable que todos conocemos y de la que cada vez resulta m\u00e1s dif\u00edcil escapar ante la ausencia de fuentes de informaci\u00f3n fidedigna sobre la realidad, los medios de comunicaci\u00f3n extraen y amplifican \u00fanicamente lo anecd\u00f3tico de cualquier realidad compleja. Resumen y llevan al paroxismo, tomando el todo por la parte (escogiendo incluso \u00fanicamente la parte que les interesa) cualquier actividad de protesta que no cabe explicar en sus notas de 700 palabras o en sus 2,5 minutos de imagen.<br \/>\n(&#8230;)<br \/>\nLo \u00fanico que importa es que entre esas 300 personas que protestan hay cuatro ni\u00f1atos. Literalmente cuatro y literalmente imberbes ni\u00f1atos que, a lo largo de una protesta que ha durado al menos cinco o seis horas, han hecho unas cuantas pintadas, han tirado tras sillas al suelo y han \u00abrobado\u00bb cuatro gorras del merchandising de la organizaci\u00f3n. De entre todos los redactores que presenciaban el acto, probablemente becarios o becarias, s\u00edmbolos ellos mismos de la precarizaci\u00f3n en la que muchos nos encontramos, a ninguno de ellos se le ha ocurrido un titular mejor que el que hoy vemos en la prensa: \u00abmanifestantes saquean el Forum\u00bb.\n<\/p><\/blockquote>\n<p>\u00bfCara o Cruz?<\/p>\n","protected":false},"excerpt":{"rendered":"<p>Leer la prensa es una aventura para el pensamiento cr\u00edtico. Hay noticias que entran en un manique\u00edsmo de lo m\u00e1s interesante, buenos-malos, blancos-negros. Parece que no existe el gris en el espectro. Lo que me convirti\u00f3 el 13M en un \u00abmiembro rencoroso de la ultraizquierda\u00bb, me hace tomar con pinzas las noticias sobre manifestaciones \u00abfuera&hellip;&nbsp;<a href=\"https:\/\/junjan.org\/wordpress\/2004\/07\/noticias_de_desecho\/\" rel=\"bookmark\">Leer m\u00e1s &raquo;<span class=\"screen-reader-text\">\u00bfNoticias de desecho?<\/span><\/a><\/p>\n","protected":false},"author":1,"featured_media":0,"comment_status":"open","ping_status":"open","sticky":false,"template":"","format":"standard","meta":{"neve_meta_sidebar":"","neve_meta_container":"","neve_meta_enable_content_width":"","neve_meta_content_width":0,"neve_meta_title_alignment":"","neve_meta_author_avatar":"","neve_post_elements_order":"","neve_meta_disable_header":"","neve_meta_disable_footer":"","neve_meta_disable_title":"","footnotes":""},"categories":[9],"tags":[52],"class_list":["post-210","post","type-post","status-publish","format-standard","hentry","category-opinion","tag-alberto-arce-anti-forum"],"_links":{"self":[{"href":"https:\/\/junjan.org\/wordpress\/wp-json\/wp\/v2\/posts\/210","targetHints":{"allow":["GET"]}}],"collection":[{"href":"https:\/\/junjan.org\/wordpress\/wp-json\/wp\/v2\/posts"}],"about":[{"href":"https:\/\/junjan.org\/wordpress\/wp-json\/wp\/v2\/types\/post"}],"author":[{"embeddable":true,"href":"https:\/\/junjan.org\/wordpress\/wp-json\/wp\/v2\/users\/1"}],"replies":[{"embeddable":true,"href":"https:\/\/junjan.org\/wordpress\/wp-json\/wp\/v2\/comments?post=210"}],"version-history":[{"count":0,"href":"https:\/\/junjan.org\/wordpress\/wp-json\/wp\/v2\/posts\/210\/revisions"}],"wp:attachment":[{"href":"https:\/\/junjan.org\/wordpress\/wp-json\/wp\/v2\/media?parent=210"}],"wp:term":[{"taxonomy":"category","embeddable":true,"href":"https:\/\/junjan.org\/wordpress\/wp-json\/wp\/v2\/categories?post=210"},{"taxonomy":"post_tag","embeddable":true,"href":"https:\/\/junjan.org\/wordpress\/wp-json\/wp\/v2\/tags?post=210"}],"curies":[{"name":"wp","href":"https:\/\/api.w.org\/{rel}","templated":true}]}}