{"id":2107,"date":"2012-07-15T02:06:37","date_gmt":"2012-07-15T00:06:37","guid":{"rendered":"http:\/\/junjan.org\/wordpress\/?p=2107"},"modified":"2012-07-15T02:06:37","modified_gmt":"2012-07-15T00:06:37","slug":"la-eliminacion-de-las-pagas-extras-de-los-funcionarios-es-discriminatoria-e-ilegal","status":"publish","type":"post","link":"https:\/\/junjan.org\/wordpress\/2012\/07\/la-eliminacion-de-las-pagas-extras-de-los-funcionarios-es-discriminatoria-e-ilegal\/","title":{"rendered":"La eliminaci\u00f3n de las pagas extras de los funcionarios es discriminatoria e ilegal"},"content":{"rendered":"<p>No es que lo diga yo, lo ha dicho el <a href=\"eliminaci\u00f3n de pagas extras vulnera el principio constitucional de igualdad y, por tanto, es discriminatoria.\" target=\"_blank\">Tribunal Constitucional portugu\u00e9s<\/a>\u00a0con respecto a una medida id\u00e9ntica a la que ha tomado el gobierno de Rajoy, a saber, eliminar la paga extra de Navidad a los funcionarios, o sin eufemismos, reducir su sueldo en un 7 %.<\/p>\n<p>El tribunal indic\u00f3 que\u00a0<em>\u00abel reparto de sacrificios no se lleva a cabo de igual manera entre todos los ciudadanos proporcionalmente seg\u00fan sus capacidades financieras, sino en aquellos que reciben su salario de organismos p\u00fablicos\u201d.<\/em>\u00a0En otras palabras que el gobierno portugu\u00e9s (y ahora el espa\u00f1ol, ambos neoliberales-conservadores), estaba saqueando a los \u00fanicos a los que pod\u00eda meter mano\u00a0en plan r\u00e1pido, y que eso es un robo en toda regla.<\/p>\n<p>Podr\u00eda parecer sorprendente que con este precedente el gobierno haya seguido adelante con una medida que es a todas luces injusta, ilegal, inmoral y seguramente anticonstitucional, pero en realidad no sorprende con estos gobernantes que huyen del parlamento y se esconden detr\u00e1s del Rey para poner en marcha las medidas que <a href=\"http:\/\/www.escolar.net\/MT\/archives\/2012\/07\/rajoy-cumple-con-el-programa-oculto-del-pp.html\" target=\"_blank\">ya hab\u00edan decidido en Noviembre de 2011<\/a> (antes de las elecciones).<\/p>\n<p><a href=\"http:\/\/www.expansion.com\/agencia\/europa_press\/2012\/07\/13\/20120713135253.html\" target=\"_blank\">Ya est\u00e1n tardando los sindicatos en llevar esto al Tribunal\u00a0Constitucional<\/a>, leo que lo est\u00e1n estudiando aunque deber\u00edan haber tenido a sus abogados haciendo cola en cuanto se supieron los rumores de los nuevos recortes.<\/p>\n<p>Al paso que va este gobierno va a batir el\u00a0r\u00e9cord\u00a0de leyes inconstitucionales. Quiz\u00e1s es su manera de expresar el anhelo de gobernar sin parlamento y con la poca oposici\u00f3n en el exilio&#8230;<\/p>\n<p>Ver:<\/p>\n<p>\u00ac\u00a0<a href=\"http:\/\/internacional.elpais.com\/internacional\/2012\/07\/12\/actualidad\/1342083023_574670.html\" target=\"_blank\">El Constitucional portugu\u00e9s declar\u00f3 ilegal suprimir pagas extras a funcionarios.<\/a> El Pa\u00eds.<\/p>\n<p>\u00ac <a href=\"http:\/\/www.tribunalconstitucional.pt\/tc\/acordaos\/20120353.html\" target=\"_blank\">Sentencia del Tribunal Constitucional.<\/a> En portugu\u00e9s.<\/p>\n<p>\u00ac\u00a0<a href=\"http:\/\/www.escolar.net\/MT\/archives\/2012\/07\/rajoy-cumple-con-el-programa-oculto-del-pp.html\" target=\"_blank\">Rajoy cumple con el programa oculto del PP.<\/a> Escolar<\/p>\n<p>&nbsp;<\/p>\n","protected":false},"excerpt":{"rendered":"<p>No es que lo diga yo, lo ha dicho el Tribunal Constitucional portugu\u00e9s\u00a0con respecto a una medida id\u00e9ntica a la que ha tomado el gobierno de Rajoy, a saber, eliminar la paga extra de Navidad a los funcionarios, o sin eufemismos, reducir su sueldo en un 7 %. El tribunal indic\u00f3 que\u00a0\u00abel reparto de sacrificios&hellip;&nbsp;<a href=\"https:\/\/junjan.org\/wordpress\/2012\/07\/la-eliminacion-de-las-pagas-extras-de-los-funcionarios-es-discriminatoria-e-ilegal\/\" rel=\"bookmark\">Leer m\u00e1s &raquo;<span class=\"screen-reader-text\">La eliminaci\u00f3n de las pagas extras de los funcionarios es discriminatoria e ilegal<\/span><\/a><\/p>\n","protected":false},"author":1,"featured_media":0,"comment_status":"open","ping_status":"open","sticky":false,"template":"","format":"standard","meta":{"neve_meta_sidebar":"","neve_meta_container":"","neve_meta_enable_content_width":"","neve_meta_content_width":0,"neve_meta_title_alignment":"","neve_meta_author_avatar":"","neve_post_elements_order":"","neve_meta_disable_header":"","neve_meta_disable_footer":"","neve_meta_disable_title":"","footnotes":""},"categories":[5],"tags":[882,883,845],"class_list":["post-2107","post","type-post","status-publish","format-standard","hentry","category-actualidad","tag-funcionarios","tag-inconstitucional","tag-recortes"],"_links":{"self":[{"href":"https:\/\/junjan.org\/wordpress\/wp-json\/wp\/v2\/posts\/2107","targetHints":{"allow":["GET"]}}],"collection":[{"href":"https:\/\/junjan.org\/wordpress\/wp-json\/wp\/v2\/posts"}],"about":[{"href":"https:\/\/junjan.org\/wordpress\/wp-json\/wp\/v2\/types\/post"}],"author":[{"embeddable":true,"href":"https:\/\/junjan.org\/wordpress\/wp-json\/wp\/v2\/users\/1"}],"replies":[{"embeddable":true,"href":"https:\/\/junjan.org\/wordpress\/wp-json\/wp\/v2\/comments?post=2107"}],"version-history":[{"count":1,"href":"https:\/\/junjan.org\/wordpress\/wp-json\/wp\/v2\/posts\/2107\/revisions"}],"predecessor-version":[{"id":2108,"href":"https:\/\/junjan.org\/wordpress\/wp-json\/wp\/v2\/posts\/2107\/revisions\/2108"}],"wp:attachment":[{"href":"https:\/\/junjan.org\/wordpress\/wp-json\/wp\/v2\/media?parent=2107"}],"wp:term":[{"taxonomy":"category","embeddable":true,"href":"https:\/\/junjan.org\/wordpress\/wp-json\/wp\/v2\/categories?post=2107"},{"taxonomy":"post_tag","embeddable":true,"href":"https:\/\/junjan.org\/wordpress\/wp-json\/wp\/v2\/tags?post=2107"}],"curies":[{"name":"wp","href":"https:\/\/api.w.org\/{rel}","templated":true}]}}