{"id":214,"date":"2004-07-21T22:43:11","date_gmt":"2004-07-21T22:43:11","guid":{"rendered":"http:\/\/junjan.org\/wordpress\/?p=214"},"modified":"2011-06-18T20:12:44","modified_gmt":"2011-06-18T18:12:44","slug":"mariconazos_y_viciosos","status":"publish","type":"post","link":"https:\/\/junjan.org\/wordpress\/2004\/07\/mariconazos_y_viciosos\/","title":{"rendered":"Mariconazos y viciosos"},"content":{"rendered":"<p>Dice el obispo de Mondo\u00f1edo, en referencia a los homosexuales, que esto es <strong>\u00abalgo que se da por naturaleza o por vicio, que de todo hay\u00bb<\/strong>, y que, por supuesto, la homosexualidad lleva <strong>\u00aba un desorden moral y social sin precedentes\u00bb<\/strong>.<br \/>\nJustito lo mismo que opino de la Iglesia Cat\u00f3lica, instituci\u00f3n llema de \u00abviciosos\u00bb de todo tipo y claramente \u00abamoral\u00bb.<br \/>\nEl obispillo, apostilla eso si, que:<\/p>\n<blockquote><p>El ni\u00f1o necesita un amor materno y un amor paterno, y habiendo tantas personas <em>normales<\/em> y tantos matrimonios que desean tener hijos, uno no se explica c\u00f3mo se abre la puerta a una adopci\u00f3n por parte de homosexuales. No es que se les niegue ning\u00fan derecho, <strong>es que no tienen derecho a eso.<\/strong><\/p><\/blockquote>\n<p>Claro, es que se me olvidaba. Hay que ser normal, blanco, cat\u00f3lico y conservador. Si cumples estos peque\u00f1os requisitos, tienes todos los derechos. El resto no se lo merece, no hay derechos para los que no son \u00abcristianos viejos\u00bb, s\u00f3lo hay derecho a vivir en la sombra y con suerte de que no te \u00abpongan las pilas\u00bb los piadosos feligreses.<br \/>\n\u00bfCu\u00e1ndo invocar\u00e1n la \u00ablimpieza de sangre\u00bb?<\/p>\n","protected":false},"excerpt":{"rendered":"<p>Dice el obispo de Mondo\u00f1edo, en referencia a los homosexuales, que esto es \u00abalgo que se da por naturaleza o por vicio, que de todo hay\u00bb, y que, por supuesto, la homosexualidad lleva \u00aba un desorden moral y social sin precedentes\u00bb. Justito lo mismo que opino de la Iglesia Cat\u00f3lica, instituci\u00f3n llema de \u00abviciosos\u00bb de&hellip;&nbsp;<a href=\"https:\/\/junjan.org\/wordpress\/2004\/07\/mariconazos_y_viciosos\/\" rel=\"bookmark\">Leer m\u00e1s &raquo;<span class=\"screen-reader-text\">Mariconazos y viciosos<\/span><\/a><\/p>\n","protected":false},"author":1,"featured_media":0,"comment_status":"open","ping_status":"open","sticky":false,"template":"","format":"standard","meta":{"neve_meta_sidebar":"","neve_meta_container":"","neve_meta_enable_content_width":"","neve_meta_content_width":0,"neve_meta_title_alignment":"","neve_meta_author_avatar":"","neve_post_elements_order":"","neve_meta_disable_header":"","neve_meta_disable_footer":"","neve_meta_disable_title":"","footnotes":""},"categories":[9],"tags":[581,770,484],"class_list":["post-214","post","type-post","status-publish","format-standard","hentry","category-opinion","tag-derechos-2","tag-doble-moral","tag-religion"],"_links":{"self":[{"href":"https:\/\/junjan.org\/wordpress\/wp-json\/wp\/v2\/posts\/214","targetHints":{"allow":["GET"]}}],"collection":[{"href":"https:\/\/junjan.org\/wordpress\/wp-json\/wp\/v2\/posts"}],"about":[{"href":"https:\/\/junjan.org\/wordpress\/wp-json\/wp\/v2\/types\/post"}],"author":[{"embeddable":true,"href":"https:\/\/junjan.org\/wordpress\/wp-json\/wp\/v2\/users\/1"}],"replies":[{"embeddable":true,"href":"https:\/\/junjan.org\/wordpress\/wp-json\/wp\/v2\/comments?post=214"}],"version-history":[{"count":3,"href":"https:\/\/junjan.org\/wordpress\/wp-json\/wp\/v2\/posts\/214\/revisions"}],"predecessor-version":[{"id":1519,"href":"https:\/\/junjan.org\/wordpress\/wp-json\/wp\/v2\/posts\/214\/revisions\/1519"}],"wp:attachment":[{"href":"https:\/\/junjan.org\/wordpress\/wp-json\/wp\/v2\/media?parent=214"}],"wp:term":[{"taxonomy":"category","embeddable":true,"href":"https:\/\/junjan.org\/wordpress\/wp-json\/wp\/v2\/categories?post=214"},{"taxonomy":"post_tag","embeddable":true,"href":"https:\/\/junjan.org\/wordpress\/wp-json\/wp\/v2\/tags?post=214"}],"curies":[{"name":"wp","href":"https:\/\/api.w.org\/{rel}","templated":true}]}}