{"id":216,"date":"2004-07-22T13:04:00","date_gmt":"2004-07-22T13:04:00","guid":{"rendered":"http:\/\/junjan.org\/wordpress\/?p=216"},"modified":"2004-07-22T13:04:00","modified_gmt":"2004-07-22T13:04:00","slug":"violacin_como_arma_de_guerra","status":"publish","type":"post","link":"https:\/\/junjan.org\/wordpress\/2004\/07\/violacin_como_arma_de_guerra\/","title":{"rendered":"Violaci\u00f3n como arma de guerra"},"content":{"rendered":"<p>Amnist\u00eda Internacional acaba de publicar un informe sobre la cr\u00edsis de Sud\u00e1n, titulado \u00ab[\u00abLa Violaci\u00f3n como arma de guerra\u00bb:http:\/\/web.amnesty.org\/library\/index\/engafr540762004]\u00bb. Los testimonios son escalofriantes.<br \/>\nLa comunidad internacional sigue sin hacer nada. \u00bfHasta cu\u00e1ndo?<\/p>\n<div class=\"citation\">\n\u00abI was sleeping when the attack on Disa started. I was taken away by the attackers, they were all in uniforms. They took dozens of other girls and made us walk for three hours. During the day we were beaten and they were telling us: \u00abYou, the black women, we will exterminate you, you have no god.\u00bb At night we were raped several times. The Arabs(1) guarded us with arms and we were not given food for three days.\u00bb<br \/>\n(&#8230;)<br \/>\n\u00abWhen we tried to escape they shot more children. They raped women; I saw many cases of Janjawid raping women and girls. They are happy when they rape. They sing when they rape and they tell that we are just slaves and that they can do with us how they wish.\u00bb<br \/>\n(&#8230;)<br \/>\n\u00abSome women were raped. We heard about this. But only those who are not married can talk about it. We believe that nobody can become pregnant when raped, because this is unwanted sex and you cannot have a child from unwanted sex. For those who are in the camps in Darfur, those whom they rape day and night, they might become pregnant. Then only Allah can help the child to look like the mother. If an Arab child is born, this cannot be accepted\u00bb\n<\/div>\n","protected":false},"excerpt":{"rendered":"<p>Amnist\u00eda Internacional acaba de publicar un informe sobre la cr\u00edsis de Sud\u00e1n, titulado \u00ab[\u00abLa Violaci\u00f3n como arma de guerra\u00bb:http:\/\/web.amnesty.org\/library\/index\/engafr540762004]\u00bb. Los testimonios son escalofriantes. La comunidad internacional sigue sin hacer nada. \u00bfHasta cu\u00e1ndo? \u00abI was sleeping when the attack on Disa started. I was taken away by the attackers, they were all in uniforms. They took&hellip;&nbsp;<a href=\"https:\/\/junjan.org\/wordpress\/2004\/07\/violacin_como_arma_de_guerra\/\" rel=\"bookmark\">Leer m\u00e1s &raquo;<span class=\"screen-reader-text\">Violaci\u00f3n como arma de guerra<\/span><\/a><\/p>\n","protected":false},"author":1,"featured_media":0,"comment_status":"open","ping_status":"open","sticky":false,"template":"","format":"standard","meta":{"neve_meta_sidebar":"","neve_meta_container":"","neve_meta_enable_content_width":"","neve_meta_content_width":0,"neve_meta_title_alignment":"","neve_meta_author_avatar":"","neve_post_elements_order":"","neve_meta_disable_header":"","neve_meta_disable_footer":"","neve_meta_disable_title":"","footnotes":""},"categories":[5],"tags":[],"class_list":["post-216","post","type-post","status-publish","format-standard","hentry","category-actualidad"],"_links":{"self":[{"href":"https:\/\/junjan.org\/wordpress\/wp-json\/wp\/v2\/posts\/216","targetHints":{"allow":["GET"]}}],"collection":[{"href":"https:\/\/junjan.org\/wordpress\/wp-json\/wp\/v2\/posts"}],"about":[{"href":"https:\/\/junjan.org\/wordpress\/wp-json\/wp\/v2\/types\/post"}],"author":[{"embeddable":true,"href":"https:\/\/junjan.org\/wordpress\/wp-json\/wp\/v2\/users\/1"}],"replies":[{"embeddable":true,"href":"https:\/\/junjan.org\/wordpress\/wp-json\/wp\/v2\/comments?post=216"}],"version-history":[{"count":0,"href":"https:\/\/junjan.org\/wordpress\/wp-json\/wp\/v2\/posts\/216\/revisions"}],"wp:attachment":[{"href":"https:\/\/junjan.org\/wordpress\/wp-json\/wp\/v2\/media?parent=216"}],"wp:term":[{"taxonomy":"category","embeddable":true,"href":"https:\/\/junjan.org\/wordpress\/wp-json\/wp\/v2\/categories?post=216"},{"taxonomy":"post_tag","embeddable":true,"href":"https:\/\/junjan.org\/wordpress\/wp-json\/wp\/v2\/tags?post=216"}],"curies":[{"name":"wp","href":"https:\/\/api.w.org\/{rel}","templated":true}]}}