{"id":218,"date":"2004-07-23T07:31:59","date_gmt":"2004-07-23T07:31:59","guid":{"rendered":"http:\/\/junjan.org\/wordpress\/?p=218"},"modified":"2004-07-23T07:31:59","modified_gmt":"2004-07-23T07:31:59","slug":"ya_ha_llegado","status":"publish","type":"post","link":"https:\/\/junjan.org\/wordpress\/2004\/07\/ya_ha_llegado\/","title":{"rendered":"Ya ha llegado"},"content":{"rendered":"<p>Lo que s\u00f3lo se atrev\u00edan a decir los periodistas m\u00e1s delirantes y los conservadores m\u00e1s recalcitrantes, ya ha llegado a las declaraciones de los portavoces del PP.<br \/>\nYa el inefable Mart\u00ednez Pujalde empez\u00f3 a caldear el ambiente:<\/p>\n<div class=\"citation\">\n\u00abEl ministro -(en referencia al actual ministro del Interior)_ tendr\u00e1 que explicar **qui\u00e9n es la X** de este atentado. Qui\u00e9n tiene la autor\u00eda intelectual\u00bb.\n<\/div>\n<p>Posteriormente, el diputado, Jaime Ignacio del Burgo, dijo:<\/p>\n<div class=\"citation\">\n\u00abSer\u00eda terrible que estuvi\u00e9ramos ante una **infame conspiraci\u00f3n interior** dirigida a alterar la normalidad democr\u00e1tica espa\u00f1ola\u00bb.\n<\/div>\n<p>Adem\u00e1s la direcci\u00f3n del PP est\u00e1 considerando retirarse de la comisi\u00f3n del 11M, como se hace eco \u00abLa Sinraz\u00f3n (La Raz\u00f3n)\u00bb:http:\/\/www.larazon.es\/ de hoy.<\/p>\n<div class=\"citation\">\n&#8230; el PP, a trav\u00e9s de Vicente Mart\u00ednez Pujalte, dirige la atenci\u00f3n hacia la \u00abmanipulaci\u00f3n\u00bb de los trabajos \u00acvetos de comparecientes y de documentos, \u00abhaci\u00e9ndose un uso partidista de los entregados\u00bb\u00ac y subraya que, de momento, ning\u00fan citado ha afirmado que recibi\u00f3 indicaciones durante la investigaci\u00f3n o que el ex ministro \u00c1ngel Acebes dijo cosas distintas a las que, en cada momento, le transmit\u00edan los mandos.<br \/>\nDenuncia adem\u00e1s la imposibilidad de que se pueda analizar lo ocurrido durante los d\u00edas 12 y 13 de marzo. \u00abLa comisi\u00f3n est\u00e1 sentenciada. Hay un segundo linchamiento contra el Gobierno anterior\u00bb. Del Burgo insin\u00faa, incluso, que el Ejecutivo se sustenta en \u00abdoscientos cad\u00e1veres\u00bb.\n<\/div>\n<p>No tengo palabras.<br \/>\nHay que tener una gran desfachatez para \u00absalirse por la tangente\u00bb de esta manera. Espero que alguno de sus dirigentes menos atontados consiga parar esta escalada de idiotez.<\/p>\n","protected":false},"excerpt":{"rendered":"<p>Lo que s\u00f3lo se atrev\u00edan a decir los periodistas m\u00e1s delirantes y los conservadores m\u00e1s recalcitrantes, ya ha llegado a las declaraciones de los portavoces del PP. Ya el inefable Mart\u00ednez Pujalde empez\u00f3 a caldear el ambiente: \u00abEl ministro -(en referencia al actual ministro del Interior)_ tendr\u00e1 que explicar **qui\u00e9n es la X** de este&hellip;&nbsp;<a href=\"https:\/\/junjan.org\/wordpress\/2004\/07\/ya_ha_llegado\/\" rel=\"bookmark\">Leer m\u00e1s &raquo;<span class=\"screen-reader-text\">Ya ha llegado<\/span><\/a><\/p>\n","protected":false},"author":1,"featured_media":0,"comment_status":"open","ping_status":"open","sticky":false,"template":"","format":"standard","meta":{"neve_meta_sidebar":"","neve_meta_container":"","neve_meta_enable_content_width":"","neve_meta_content_width":0,"neve_meta_title_alignment":"","neve_meta_author_avatar":"","neve_post_elements_order":"","neve_meta_disable_header":"","neve_meta_disable_footer":"","neve_meta_disable_title":"","footnotes":""},"categories":[5],"tags":[],"class_list":["post-218","post","type-post","status-publish","format-standard","hentry","category-actualidad"],"_links":{"self":[{"href":"https:\/\/junjan.org\/wordpress\/wp-json\/wp\/v2\/posts\/218","targetHints":{"allow":["GET"]}}],"collection":[{"href":"https:\/\/junjan.org\/wordpress\/wp-json\/wp\/v2\/posts"}],"about":[{"href":"https:\/\/junjan.org\/wordpress\/wp-json\/wp\/v2\/types\/post"}],"author":[{"embeddable":true,"href":"https:\/\/junjan.org\/wordpress\/wp-json\/wp\/v2\/users\/1"}],"replies":[{"embeddable":true,"href":"https:\/\/junjan.org\/wordpress\/wp-json\/wp\/v2\/comments?post=218"}],"version-history":[{"count":0,"href":"https:\/\/junjan.org\/wordpress\/wp-json\/wp\/v2\/posts\/218\/revisions"}],"wp:attachment":[{"href":"https:\/\/junjan.org\/wordpress\/wp-json\/wp\/v2\/media?parent=218"}],"wp:term":[{"taxonomy":"category","embeddable":true,"href":"https:\/\/junjan.org\/wordpress\/wp-json\/wp\/v2\/categories?post=218"},{"taxonomy":"post_tag","embeddable":true,"href":"https:\/\/junjan.org\/wordpress\/wp-json\/wp\/v2\/tags?post=218"}],"curies":[{"name":"wp","href":"https:\/\/api.w.org\/{rel}","templated":true}]}}