{"id":219,"date":"2004-07-26T18:07:03","date_gmt":"2004-07-26T18:07:03","guid":{"rendered":"http:\/\/junjan.org\/wordpress\/?p=219"},"modified":"2011-05-24T12:11:03","modified_gmt":"2011-05-24T10:11:03","slug":"clase_de_religin","status":"publish","type":"post","link":"https:\/\/junjan.org\/wordpress\/2004\/07\/clase_de_religin\/","title":{"rendered":"Clase de Religi\u00f3n"},"content":{"rendered":"<p>Las dos figuras m\u00e1s representativas de nuestro estado (con permiso del candidato a <a href=\"http:\/\/junjan.org\/wordpress\/2004\/07\/nene_quiere_medalla\/http:\/\/\">medalla del congreso americano (Aznar)<\/a>\u00ab, a saber, el Presidente del Gobierno y el Rey, asistieron ayer a una clase gratuita de religi\u00f3n por parte del arzobispo de Santiago de Compostela.<br \/>\nEl arzobispo estaba realizando un rito en conmemoraci\u00f3n del negocio milenario que supone inventarse la existencia de un sepulcro de un santo para que media Europa venga a comprar el marisco de la zona, lo que han dado en llamar \u00abla Ofrenda Nacional al Ap\u00f3stol\u00bb. Evento que no deja de recordarme a rituales m\u00e1gicos de culturas que sin sonrojo denominamos \u00abprimitivas\u00bb.<br \/>\nDurante su sermoncito, el arzobispo se despacho a gusto. Record\u00f3 la \u00abherencia\u00bb cristiana de Espa\u00f1a, no se nos vaya a olvidar, y por supuesto ech\u00f3 pestes contra la futura ley de matrimonio homosexual, llamando de paso (\u00abentre l\u00edneas\u00bb) a Zapatero, corrupto y amoral. Sus palabras:<\/p>\n<blockquote><p>\u00abDebemos ser coherentes con los valores del Evangelio que hemos recibido y que forman parte esencial de nuestra cultura\u00bb. Y, \u00abante los riesgos de disoluci\u00f3n religiosa, cultural, social y pol\u00edtica\u00bb, afirm\u00f3 que \u00abno es posible entender y servir de verdad a Espa\u00f1a sin tener en cuenta las ra\u00edces cristianas\u00bb.<br \/>\n(&#8230;)<br \/>\n\u00abCuando pensamos as\u00ed, los derechos se ven reducidos a simples exigencias personales y a falsas formas secularizadas de humanismo que siembran confusi\u00f3n y debilidad moral distorsionando el plan de Dios sobre el amor y la felicidad, sobre el respeto de la vida en todas sus etapas naturales, sobre la vivencia del tesoro de la afectividad y sobre el matrimonio, esencialmente heterosexual y base ineludible de la familia, cuya quiebra supone la quiebra de la sociedad haci\u00e9ndola vulnerable a intereses que nada tienen que ver con el bien com\u00fan\u00bb.<br \/>\n(&#8230;)<br \/>\n\u00abCuando la moral es considerada superflua, la corrupci\u00f3n es algo obvio, afectando no s\u00f3lo a las personas, sino tambi\u00e9n a las instituciones\u00bb<\/p><\/blockquote>\n<p>Est\u00e1 claro que este se\u00f1or, y la iglesia a la que representa, est\u00e1n estancados en un pasado lejano. No saben en que mundo viven y los avances del pensamiento humano  no han logrado penetrar en sus peque\u00f1as mentes.<br \/>\nPero sigo sin comprender, por qu\u00e9 nuestros representantes persisten en asistir a ceremonias religiosas de todo tipo, d\u00e1ndoles caracter de \u00abacontecimiento de estado\u00bb.<br \/>\nLa Federaci\u00f3n Estatal de Gays, Lesbianas y Transexuales ha dicho, en referencia al asunto, ex\u00e1ctamente lo que estaba pensando:<\/p>\n<blockquote><p>\u00abNi el Rey ni el jefe del Ejecutivo deber\u00edan asistir a actos religiosos de la Iglesia cat\u00f3lica que tengan car\u00e1cter de acto de Estado\u00bb, \u00abdeber\u00edan limitar la expresi\u00f3n de sus creencias religiosas al \u00e1mbito privado\u00bb.<\/p><\/blockquote>\n<p>Totalmente de acuerdo.<\/p>\n<p><strong>Estado laico \u00abde verdad\u00bb, ya!<\/strong><\/p>\n","protected":false},"excerpt":{"rendered":"<p>Las dos figuras m\u00e1s representativas de nuestro estado (con permiso del candidato a medalla del congreso americano (Aznar)\u00ab, a saber, el Presidente del Gobierno y el Rey, asistieron ayer a una clase gratuita de religi\u00f3n por parte del arzobispo de Santiago de Compostela. El arzobispo estaba realizando un rito en conmemoraci\u00f3n del negocio milenario que&hellip;&nbsp;<a href=\"https:\/\/junjan.org\/wordpress\/2004\/07\/clase_de_religin\/\" rel=\"bookmark\">Leer m\u00e1s &raquo;<span class=\"screen-reader-text\">Clase de Religi\u00f3n<\/span><\/a><\/p>\n","protected":false},"author":1,"featured_media":0,"comment_status":"open","ping_status":"open","sticky":false,"template":"","format":"standard","meta":{"neve_meta_sidebar":"","neve_meta_container":"","neve_meta_enable_content_width":"","neve_meta_content_width":0,"neve_meta_title_alignment":"","neve_meta_author_avatar":"","neve_post_elements_order":"","neve_meta_disable_header":"","neve_meta_disable_footer":"","neve_meta_disable_title":"","footnotes":""},"categories":[9],"tags":[230,498,490,484,499],"class_list":["post-219","post","type-post","status-publish","format-standard","hentry","category-opinion","tag-aznar","tag-estado-laico","tag-iglesia","tag-religion","tag-zapatero"],"_links":{"self":[{"href":"https:\/\/junjan.org\/wordpress\/wp-json\/wp\/v2\/posts\/219","targetHints":{"allow":["GET"]}}],"collection":[{"href":"https:\/\/junjan.org\/wordpress\/wp-json\/wp\/v2\/posts"}],"about":[{"href":"https:\/\/junjan.org\/wordpress\/wp-json\/wp\/v2\/types\/post"}],"author":[{"embeddable":true,"href":"https:\/\/junjan.org\/wordpress\/wp-json\/wp\/v2\/users\/1"}],"replies":[{"embeddable":true,"href":"https:\/\/junjan.org\/wordpress\/wp-json\/wp\/v2\/comments?post=219"}],"version-history":[{"count":2,"href":"https:\/\/junjan.org\/wordpress\/wp-json\/wp\/v2\/posts\/219\/revisions"}],"predecessor-version":[{"id":1213,"href":"https:\/\/junjan.org\/wordpress\/wp-json\/wp\/v2\/posts\/219\/revisions\/1213"}],"wp:attachment":[{"href":"https:\/\/junjan.org\/wordpress\/wp-json\/wp\/v2\/media?parent=219"}],"wp:term":[{"taxonomy":"category","embeddable":true,"href":"https:\/\/junjan.org\/wordpress\/wp-json\/wp\/v2\/categories?post=219"},{"taxonomy":"post_tag","embeddable":true,"href":"https:\/\/junjan.org\/wordpress\/wp-json\/wp\/v2\/tags?post=219"}],"curies":[{"name":"wp","href":"https:\/\/api.w.org\/{rel}","templated":true}]}}