{"id":2248,"date":"2012-10-20T19:35:18","date_gmt":"2012-10-20T17:35:18","guid":{"rendered":"http:\/\/junjan.org\/wordpress\/?p=2248"},"modified":"2012-10-20T19:35:18","modified_gmt":"2012-10-20T17:35:18","slug":"nacioncillas","status":"publish","type":"post","link":"https:\/\/junjan.org\/wordpress\/2012\/10\/nacioncillas\/","title":{"rendered":"Nacioncillas"},"content":{"rendered":"<p>El nacionalismo me\u00a0asquea.<\/p>\n<p>Las ideolog\u00edas nacionalistas derivan indefectiblemente hacia intolerancia y xenofobia m\u00e1s o menos encubierta, la filosof\u00eda de echar la culpa a los otros. Usar en el siglo XXI, <a href=\"http:\/\/es.wikipedia.org\/wiki\/Nacionalismo\" target=\"_blank\">conceptos de naci\u00f3n del siglo XIX<\/a>\u00a0es irracional. Me explico. Hay algunos peque\u00f1os detalles que son algo anacr\u00f3nicos:<\/p>\n<p>&#8211; La\u00a0soberan\u00eda\u00a0nacional es totalmente inexistente, el\u00a0autogobierno\u00a0es casi nulo, nos gobiernan entre las corporaciones transnacionales y los economistas de la escuela de Chicago. Por otro lado vivimos inmersos m\u00e1s y m\u00e1s en el <a href=\"http:\/\/en.wikipedia.org\/wiki\/Cyberspace\" target=\"_blank\">ciberespacio<\/a> donde las naciones no tienen significado.<\/p>\n<p>&#8211; Las fronteras ya no existen, ya no hay aduanas ni muros ni vallas, y en la Comunidad Europea la moneda es \u00fanica y com\u00fan.<\/p>\n<p>&#8211; Los s\u00edmbolos nacionales son banales y vac\u00edos, las banderas son trozos de tela de colores, los himnos hablan de acontecimientos muertos y sin sentido o son marchas militares de olvidado significado.<\/p>\n<p>&#8211; No hay etnias ni razas distinguibles. Por contra,\u00a0la mezcla de razas, idiomas y culturas que inevitablemente genera la Europa del siglo XXI hacen que la homogeneidad sea imposible.<\/p>\n<p>&#8211; El hecho cultural diferencial es m\u00ednimo, en cuanto te haces amigo de unos cuantos europeos de distintas latitudes las diferencias que eran aparentemente insalvables acaban siendo casi anecd\u00f3ticas en su mayor parte. Si exceptuamos las diferencias ling\u00fc\u00edsticas, el resto es poca cosa.<\/p>\n<p>Los gobiernos de estados y estadillos intentan mantener este nacionalismo banal a toda costa. Lo intentan con la educaci\u00f3n. Todos intentan crear la naci\u00f3n imaginada en la escuela con sus simbolitos y sus hitos deportivos, en vez de\u00a0fomentar el esp\u00edritu cr\u00edtico y la libertad de pensamiento quieren nacionalizar a sus ciudadanos y convertirlos en patriotas:\u00a0<a href=\"http:\/\/sociedad.elpais.com\/sociedad\/2012\/10\/10\/actualidad\/1349859896_604912.html\" target=\"_blank\">espa\u00f1olizar<\/a>\u00a0o <a href=\"http:\/\/www.vozbcn.com\/2011\/07\/18\/81073\/rigau-escolarizacion-podremos-catalanizar\/\" target=\"_blank\">catalanizar<\/a> a los\u00a0habitantes\u00a0de Catalu\u00f1a. S\u00f3lo les interesa tener el mayor n\u00famero de borregos intelectualmente sumisos que no se planteen demasiadas preguntas.<\/p>\n<p>Me asquea a\u00fan m\u00e1s el nacionalismo \u00abde izquierdas\u00bb. <a href=\"http:\/\/www.principiamarsupia.com\/2012\/10\/15\/como-alguien-puede-ser-nacionalista-y-de-izquierdas\/\" target=\"_blank\">Es algo que no tiene ninguna l\u00f3gica.<\/a> \u00bfC\u00f3mo narices se puede ser socialista o libertario o anarquista o ecologista y nacionalista a la vez?\u00a0Es como ser cient\u00edfico y religioso. Son conceptos que puede que fueran compatibles en alg\u00fan momento hist\u00f3rico lejano, pero ahora son inmiscibles, como el aceite y el agua. Por lo tanto los que se dicen nacionalistas de izquierdas mienten, son\u00a0solamente\u00a0nacionalistas y puede ser que no sean totalmente de derechas.\u00a0Me la soplan sus naciones y sus patrias. Un patriota un idiota.<\/p>\n<p>Ver:<\/p>\n<p>\u00ac <a href=\"http:\/\/www.vozbcn.com\/2011\/07\/18\/81073\/rigau-escolarizacion-podremos-catalanizar\/\" target=\"_blank\">Irene Rigau<\/a>: \u00abSolo mediante la escolarizaci\u00f3n podremos realmente catalanizar, hacer miembros de pleno derecho, tener sentido de pertenencia a nuestro pa\u00eds, a los hijos de los que han venido de fuera. [&#8230;] La escuela p\u00fablica funde diferentes grupos \u00e9tnicos en un solo pueblo\u201d.<\/p>\n<p>\u00ac <a href=\"http:\/\/www.publico.es\/espana\/443705\/wert-el-objetivo-es-espanolizar-a-los-alumnos-catalanes\" target=\"_blank\">Jos\u00e9 Ignacio Wert<\/a>:\u00a0\u00abNuestro inter\u00e9s es espa\u00f1olizar a los alumnos catalanes y que se sientan tan orgullosos de ser espa\u00f1oles como de ser catalanes y que tengan capacidad de tener una vivencia equilibrada de esas dos identidades porque las dos les enriquecen, y en esa l\u00ednea vamos a continuar\u00bb.<\/p>\n<p>\u00ac\u00a0<a href=\"http:\/\/www.principiamarsupia.com\/2012\/10\/15\/como-alguien-puede-ser-nacionalista-y-de-izquierdas\/\" target=\"_blank\">\u00bfC\u00f3mo alguien puede ser \u201cnacionalista\u201d y \u201cde izquierdas\u201d? e<\/a>n Principia Marsupia.<\/p>\n","protected":false},"excerpt":{"rendered":"<p>El nacionalismo me\u00a0asquea. Las ideolog\u00edas nacionalistas derivan indefectiblemente hacia intolerancia y xenofobia m\u00e1s o menos encubierta, la filosof\u00eda de echar la culpa a los otros. Usar en el siglo XXI, conceptos de naci\u00f3n del siglo XIX\u00a0es irracional. Me explico. Hay algunos peque\u00f1os detalles que son algo anacr\u00f3nicos: &#8211; La\u00a0soberan\u00eda\u00a0nacional es totalmente inexistente, el\u00a0autogobierno\u00a0es casi nulo,&hellip;&nbsp;<a href=\"https:\/\/junjan.org\/wordpress\/2012\/10\/nacioncillas\/\" rel=\"bookmark\">Leer m\u00e1s &raquo;<span class=\"screen-reader-text\">Nacioncillas<\/span><\/a><\/p>\n","protected":false},"author":1,"featured_media":0,"comment_status":"open","ping_status":"open","sticky":false,"template":"","format":"standard","meta":{"neve_meta_sidebar":"","neve_meta_container":"","neve_meta_enable_content_width":"","neve_meta_content_width":0,"neve_meta_title_alignment":"","neve_meta_author_avatar":"","neve_post_elements_order":"","neve_meta_disable_header":"","neve_meta_disable_footer":"","neve_meta_disable_title":"","footnotes":""},"categories":[84],"tags":[78,903],"class_list":["post-2248","post","type-post","status-publish","format-standard","hentry","category-divagaciones","tag-nacionalismo","tag-patriotismo"],"_links":{"self":[{"href":"https:\/\/junjan.org\/wordpress\/wp-json\/wp\/v2\/posts\/2248","targetHints":{"allow":["GET"]}}],"collection":[{"href":"https:\/\/junjan.org\/wordpress\/wp-json\/wp\/v2\/posts"}],"about":[{"href":"https:\/\/junjan.org\/wordpress\/wp-json\/wp\/v2\/types\/post"}],"author":[{"embeddable":true,"href":"https:\/\/junjan.org\/wordpress\/wp-json\/wp\/v2\/users\/1"}],"replies":[{"embeddable":true,"href":"https:\/\/junjan.org\/wordpress\/wp-json\/wp\/v2\/comments?post=2248"}],"version-history":[{"count":3,"href":"https:\/\/junjan.org\/wordpress\/wp-json\/wp\/v2\/posts\/2248\/revisions"}],"predecessor-version":[{"id":2251,"href":"https:\/\/junjan.org\/wordpress\/wp-json\/wp\/v2\/posts\/2248\/revisions\/2251"}],"wp:attachment":[{"href":"https:\/\/junjan.org\/wordpress\/wp-json\/wp\/v2\/media?parent=2248"}],"wp:term":[{"taxonomy":"category","embeddable":true,"href":"https:\/\/junjan.org\/wordpress\/wp-json\/wp\/v2\/categories?post=2248"},{"taxonomy":"post_tag","embeddable":true,"href":"https:\/\/junjan.org\/wordpress\/wp-json\/wp\/v2\/tags?post=2248"}],"curies":[{"name":"wp","href":"https:\/\/api.w.org\/{rel}","templated":true}]}}