{"id":2257,"date":"2012-12-13T00:15:27","date_gmt":"2012-12-12T23:15:27","guid":{"rendered":"http:\/\/junjan.org\/wordpress\/?p=2257"},"modified":"2012-12-13T00:15:27","modified_gmt":"2012-12-12T23:15:27","slug":"ay-del-chiquirriquitin","status":"publish","type":"post","link":"https:\/\/junjan.org\/wordpress\/2012\/12\/ay-del-chiquirriquitin\/","title":{"rendered":"Ay del Chiquirriquit\u00edn"},"content":{"rendered":"<p>Aunque parezca incre\u00edble todav\u00eda no me hab\u00eda enterado que Benito acaba de afirmar que\u00a0n<a href=\"http:\/\/sociedad.elpais.com\/sociedad\/2012\/11\/21\/actualidad\/1353456999_980300.html\" target=\"_blank\">o hab\u00eda ni mula ni buey en el portal de Bel\u00e9n<\/a>\u00a0y que s\u00ed, que la Virgen Mar\u00eda era con total seguridad virgen. Que desastre, que te obliguen a aprenderte y a cantar ponzo\u00f1as como \u00abAy del Chiquirrit\u00edn, Chiquirriquit\u00edn, metidito entre pajas; ay, del del Chiquirrit\u00edn, Chiquirriquit\u00edn, querid\u00edn queridito del alma&#8230; Entre un buey y una mula Dios ha nacido,\u00a0y en un pobre pesebre le han recogido&#8230;\u00bb para que venga el Panzer-Papa y te rompa tus tiernas ilusiones catolico-pastoriles. \u00a0No es\u00a0sorprendente,\u00a0la jerarqu\u00edas religiosas son notoriamente famosas por discutir interminablemente sobre los detalles imaginarios de acontecimientos en gran parte o totalmente imaginarios. No sorprende que los meapilas se pregunten si <a href=\"http:\/\/www.abc.es\/sociedad\/20121122\/abci-papa-mula-buey-belen-201211211732.html\" target=\"_blank\">\u00bfdebemos quitar la mula y el buey del Bel\u00e9n esta Navidad?<\/a>.\u00a0Lo que si sorprende es que se\u00a0dedique espacio de an\u00e1lisis a esta chorrada desde un peri\u00f3dico\u00a0te\u00f3ricamente\u00a0\u00abprogresista\u00bb como el Pa\u00eds, y que subtitulen la noticia con un :\u00bbBenedicto XVI confirma en su nuevo libro la virginidad de Mar\u00eda\u00bb.<\/p>\n","protected":false},"excerpt":{"rendered":"<p>Aunque parezca incre\u00edble todav\u00eda no me hab\u00eda enterado que Benito acaba de afirmar que\u00a0no hab\u00eda ni mula ni buey en el portal de Bel\u00e9n\u00a0y que s\u00ed, que la Virgen Mar\u00eda era con total seguridad virgen. Que desastre, que te obliguen a aprenderte y a cantar ponzo\u00f1as como \u00abAy del Chiquirrit\u00edn, Chiquirriquit\u00edn, metidito entre pajas; ay,&hellip;&nbsp;<a href=\"https:\/\/junjan.org\/wordpress\/2012\/12\/ay-del-chiquirriquitin\/\" rel=\"bookmark\">Leer m\u00e1s &raquo;<span class=\"screen-reader-text\">Ay del Chiquirriquit\u00edn<\/span><\/a><\/p>\n","protected":false},"author":1,"featured_media":0,"comment_status":"open","ping_status":"open","sticky":false,"template":"","format":"standard","meta":{"neve_meta_sidebar":"","neve_meta_container":"","neve_meta_enable_content_width":"","neve_meta_content_width":0,"neve_meta_title_alignment":"","neve_meta_author_avatar":"","neve_post_elements_order":"","neve_meta_disable_header":"","neve_meta_disable_footer":"","neve_meta_disable_title":"","footnotes":""},"categories":[84],"tags":[484],"class_list":["post-2257","post","type-post","status-publish","format-standard","hentry","category-divagaciones","tag-religion"],"_links":{"self":[{"href":"https:\/\/junjan.org\/wordpress\/wp-json\/wp\/v2\/posts\/2257","targetHints":{"allow":["GET"]}}],"collection":[{"href":"https:\/\/junjan.org\/wordpress\/wp-json\/wp\/v2\/posts"}],"about":[{"href":"https:\/\/junjan.org\/wordpress\/wp-json\/wp\/v2\/types\/post"}],"author":[{"embeddable":true,"href":"https:\/\/junjan.org\/wordpress\/wp-json\/wp\/v2\/users\/1"}],"replies":[{"embeddable":true,"href":"https:\/\/junjan.org\/wordpress\/wp-json\/wp\/v2\/comments?post=2257"}],"version-history":[{"count":1,"href":"https:\/\/junjan.org\/wordpress\/wp-json\/wp\/v2\/posts\/2257\/revisions"}],"predecessor-version":[{"id":2258,"href":"https:\/\/junjan.org\/wordpress\/wp-json\/wp\/v2\/posts\/2257\/revisions\/2258"}],"wp:attachment":[{"href":"https:\/\/junjan.org\/wordpress\/wp-json\/wp\/v2\/media?parent=2257"}],"wp:term":[{"taxonomy":"category","embeddable":true,"href":"https:\/\/junjan.org\/wordpress\/wp-json\/wp\/v2\/categories?post=2257"},{"taxonomy":"post_tag","embeddable":true,"href":"https:\/\/junjan.org\/wordpress\/wp-json\/wp\/v2\/tags?post=2257"}],"curies":[{"name":"wp","href":"https:\/\/api.w.org\/{rel}","templated":true}]}}