{"id":227,"date":"2004-07-28T22:53:32","date_gmt":"2004-07-28T22:53:32","guid":{"rendered":"http:\/\/junjan.org\/wordpress\/?p=227"},"modified":"2004-07-28T22:53:32","modified_gmt":"2004-07-28T22:53:32","slug":"el_mundo_condenado","status":"publish","type":"post","link":"https:\/\/junjan.org\/wordpress\/2004\/07\/el_mundo_condenado\/","title":{"rendered":"\u00abEl Mundo\u00bb condenado"},"content":{"rendered":"<p>El peri\u00f3dico \u00abEl Mundo\u00bb ha sido \u00abcondenado\u00bb:http:\/\/www.cadenaser.com\/articulo.html?xref=20040723csrcsrnac_5&#038;type=Tes por vulnerar el Derecho Fundamental de Libertad de Expresi\u00f3n de su redactor-jefe Francisco Frechoso, al prohibirle participar de nuevo en el programa de Tele5 \u00abLa Mirada Cr\u00edtica\u00bb tras haber hecho las siguientes manifestaciones con motivo de la huelga general del 20 de Junio de 2002:<br \/>\n[Extra\u00eddo de la \u00abDemanda judicial\u00bb:http:\/\/www.fct.ccoo.es\/periodistas\/pdf\/Demanda_frechoso.pdf (pdf) en la p\u00e1gina de CCOO]<\/p>\n<div class=\"citation\">\n\u00abVamos a ver, una redacci\u00f3n de un peri\u00f3dico no es una f\u00e1brica en la que se ponen tornillos; es decir, las direcciones de los peri\u00f3dicos tienen que contar cada d\u00eda con el esfuerzo intelectual de la mayor\u00eda de la redacci\u00f3n para que salga a la calle un producto digno, de calidad, objetivo. Yo creo que, despu\u00e9s de lo que ha ocurrido, las direcciones de los peri\u00f3dicos se ten\u00edan que plantear muy seriamente por qu\u00e9 el 80%, el 90% de su plantilla, de sus redacciones decidieron ir a la huelga y por qu\u00e9 ellos sacaron el peri\u00f3dico. Es decir, el divorcio que se ha demostrado entre las direcciones de los peri\u00f3dicos y sus redacciones, es un asunto que las direcciones se deber\u00edna plantear y pensar muy seriamente por qu\u00e9 ocurre esto. De todas formas, yo quer\u00eda, ya que yo pertenezco a EL MUNDO, y EL MUNDO fue punta de lanza en el empe\u00f1o por parte de su direcci\u00f3n de sacar el peri\u00f3dico, quer\u00eda decir que hoy se sigue desinformando en el peri\u00f3dico sobre la incidencia que tuvo la huelga en la redacci\u00f3n. As\u00ed como se recoge que el 80% de los trabajadores de EL PAIS hicieron huelga en ese peri\u00f3dico, no se dice que el 90% de la redacci\u00f3n de EL MUNDO se sum\u00f3 a la huelga. Eso motiv\u00f3 que, anoche, los representantes de los trabajadores hicieran un comunicado que repartieron a las Agencias y a alg\u00fan medio que inform\u00f3 de que hab\u00eda normalidad ese d\u00eda en EL MUNDO, explicando que el 90% de la plantilla no trabaj\u00f3. Bueno, pues hoy, ni siquiera en el propio peri\u00f3dico se recoge eso, y a m\u00ed s\u00ed que me gusta&#8230; quer\u00eda recordarlo para que la gente se entere, que parece que hay alg\u00fan inter\u00e9s por ocultarlo, que el 90% de la plantilla de EL MUNDO se sum\u00f3 a la huelga general\u00bb&#8230;\n<\/div>\n<p>_En todos los sitios se cuecen habas, y en algunos, a calderadas._<\/p>\n","protected":false},"excerpt":{"rendered":"<p>El peri\u00f3dico \u00abEl Mundo\u00bb ha sido \u00abcondenado\u00bb:http:\/\/www.cadenaser.com\/articulo.html?xref=20040723csrcsrnac_5&#038;type=Tes por vulnerar el Derecho Fundamental de Libertad de Expresi\u00f3n de su redactor-jefe Francisco Frechoso, al prohibirle participar de nuevo en el programa de Tele5 \u00abLa Mirada Cr\u00edtica\u00bb tras haber hecho las siguientes manifestaciones con motivo de la huelga general del 20 de Junio de 2002: [Extra\u00eddo de la&hellip;&nbsp;<a href=\"https:\/\/junjan.org\/wordpress\/2004\/07\/el_mundo_condenado\/\" rel=\"bookmark\">Leer m\u00e1s &raquo;<span class=\"screen-reader-text\">\u00abEl Mundo\u00bb condenado<\/span><\/a><\/p>\n","protected":false},"author":1,"featured_media":0,"comment_status":"open","ping_status":"open","sticky":false,"template":"","format":"standard","meta":{"neve_meta_sidebar":"","neve_meta_container":"","neve_meta_enable_content_width":"","neve_meta_content_width":0,"neve_meta_title_alignment":"","neve_meta_author_avatar":"","neve_post_elements_order":"","neve_meta_disable_header":"","neve_meta_disable_footer":"","neve_meta_disable_title":"","footnotes":""},"categories":[5],"tags":[],"class_list":["post-227","post","type-post","status-publish","format-standard","hentry","category-actualidad"],"_links":{"self":[{"href":"https:\/\/junjan.org\/wordpress\/wp-json\/wp\/v2\/posts\/227","targetHints":{"allow":["GET"]}}],"collection":[{"href":"https:\/\/junjan.org\/wordpress\/wp-json\/wp\/v2\/posts"}],"about":[{"href":"https:\/\/junjan.org\/wordpress\/wp-json\/wp\/v2\/types\/post"}],"author":[{"embeddable":true,"href":"https:\/\/junjan.org\/wordpress\/wp-json\/wp\/v2\/users\/1"}],"replies":[{"embeddable":true,"href":"https:\/\/junjan.org\/wordpress\/wp-json\/wp\/v2\/comments?post=227"}],"version-history":[{"count":0,"href":"https:\/\/junjan.org\/wordpress\/wp-json\/wp\/v2\/posts\/227\/revisions"}],"wp:attachment":[{"href":"https:\/\/junjan.org\/wordpress\/wp-json\/wp\/v2\/media?parent=227"}],"wp:term":[{"taxonomy":"category","embeddable":true,"href":"https:\/\/junjan.org\/wordpress\/wp-json\/wp\/v2\/categories?post=227"},{"taxonomy":"post_tag","embeddable":true,"href":"https:\/\/junjan.org\/wordpress\/wp-json\/wp\/v2\/tags?post=227"}],"curies":[{"name":"wp","href":"https:\/\/api.w.org\/{rel}","templated":true}]}}