{"id":230,"date":"2004-07-30T08:33:35","date_gmt":"2004-07-30T08:33:35","guid":{"rendered":"http:\/\/junjan.org\/wordpress\/?p=230"},"modified":"2020-11-26T23:41:21","modified_gmt":"2020-11-26T22:41:21","slug":"utilizados","status":"publish","type":"post","link":"https:\/\/junjan.org\/wordpress\/2004\/07\/utilizados\/","title":{"rendered":"Utilizados"},"content":{"rendered":"\n<p><a href=\"http:\/\/www.msf.es\/\" data-type=\"URL\" data-id=\"http:\/\/www.msf.es\/\">M\u00e9dicos sin Fronteras<\/a> se ha visto obligada a retirarse de Afganist\u00e1n, tras la muerte de cinco de sus miembros.<br>Comunicado de MSF. Extracto:<\/p>\n\n\n\n<blockquote class=\"wp-block-ugb-blockquote ugb-blockquote ugb-148a15a ugb-blockquote--v3 ugb-blockquote--design-plain ugb-main-block\"><style>.ugb-148a15a .ugb-blockquote__quote{width:70px !important;height:70px !important}<\/style><div class=\"ugb-inner-block\"><div class=\"ugb-block-content\"><div class=\"ugb-blockquote__item\"><svg viewbox=\"0 0 50 50\" xmlns=\"http:\/\/www.w3.org\/2000\/svg\" class=\"ugb-blockquote__quote\" width=\"70\" height=\"70\"><path d=\"M19.8 9.3C10.5 11.8 4.6 17 2.1 24.8c2.3-3.6 5.6-5.4 9.9-5.4 3.3 0 6 1.1 8.3 3.3 2.2 2.2 3.4 5 3.4 8.3 0 3.2-1.1 5.8-3.3 8-2.2 2.2-5.1 3.2-8.7 3.2-3.7 0-6.5-1.2-8.6-3.5C1 36.3 0 33.1 0 29 0 18.3 6.5 11.2 19.6 7.9l.2 1.4zm26.4 0C36.9 11.9 31 17 28.5 24.8c2.2-3.6 5.5-5.4 9.8-5.4 3.2 0 6 1.1 8.3 3.2 2.3 2.2 3.4 4.9 3.4 8.3 0 3.1-1.1 5.8-3.3 7.9-2.2 2.2-5.1 3.3-8.6 3.3-3.7 0-6.6-1.1-8.6-3.4-2.1-2.3-3.1-5.5-3.1-9.7 0-10.7 6.6-17.8 19.7-21.1l.1 1.4z\"><\/path><\/svg><div class=\"ugb-blockquote__content\"><p class=\"ugb-blockquote__text\">Con un sentimiento de profunda tristeza y de rabia, M\u00e9dicos Sin Fronteras (MSF) anuncia hoy el cierre de todos sus programas m\u00e9dicos en Afganist\u00e1n. MSF ha tomado esta decisi\u00f3n tras el asesinato de cinco de sus trabajadores humanitarios en un ataque deliberado el pasado 2 de junio, cuando un veh\u00edculo de MSF claramente identificado sufri\u00f3 una emboscada en la provincia noroccidental de Badghis y cinco de nuestros compa\u00f1eros fueron disparados sin piedad.<br>(\u2026)<br>Adem\u00e1s, tras los asesinatos, un portavoz de los talibanes se responsabiliz\u00f3 de la autor\u00eda de los mismos y declar\u00f3 m\u00e1s tarde que las organizaciones como MSF trabajan para los intereses de los americanos y que por consiguiente ello las convierte en objetivos de nuevos ataques. Esta falsa acusaci\u00f3n resulta particularmente injustificada dado que uno de los principios fundadores de MSF es la separaci\u00f3n de la ayuda de cualquier motivo pol\u00edtico. El \u00fanico objetivo de la organizaci\u00f3n es proporcionar asistencia en nombre de la \u00e9tica m\u00e9dica universal y \u00fanicamente bas\u00e1ndose en las necesidades de las poblaciones que sufren. Esta amenaza constituye una rechazo por parte de los talibanes de la ayuda humanitaria independiente y neutral.<br>(\u2026)<br>La violencia directa contra los trabajadores humanitarios se produce en un contexto en el que la coalici\u00f3n liderada por EE UU intenta utilizar la ayuda humanitaria para conseguir apoyo para sus ambiciones pol\u00edticas y militares. MSF denuncia a la coalici\u00f3n por intentar apropiarse de lo que significa la ayuda humanitaria, utiliz\u00e1ndola para ganarse \u201clos corazones y las mentes\u201d de la poblaci\u00f3n. Debido a ello, proporcionar ayuda ya no se percibe como una acci\u00f3n independiente y neutral. El pasado 12 de mayo de 2004, MSF conden\u00f3 p\u00fablicamente la distribuci\u00f3n de panfletos por parte de las fuerzas de la coalici\u00f3n en el sur de Afganist\u00e1n instando a la poblaci\u00f3n a proporcionar informaci\u00f3n acerca de los talibanes y al Qaeda si quer\u00edan que continuasen las operaciones de ayuda.<\/p><\/div><\/div><\/div><\/div><\/blockquote>\n\n\n\n<p>Es triste que una organizaci\u00f3n que se dedica a ayudar desinteresadamente, sea usada con fines pol\u00edtico-informativos por las fuerzas de la coalici\u00f3n, a sabiendas de que esto, \u00abcon toda probabilidad\u00bb, pondr\u00eda a sus miembros en peligro de ser atacados por los talibanes. Al final los \u00fanicos que van a sufrir son los afganos, que dejar\u00e1n de tener una atenci\u00f3n m\u00e9dica digna.<br>Con relaci\u00f3n a esta triste noticia, no me sorprende, pero ya hay <a rel=\"noreferrer noopener\" href=\"http:\/\/www.libertaddigital.com\/bitacora\/articulo.php?id=230\" data-type=\"URL\" data-id=\"http:\/\/www.libertaddigital.com\/bitacora\/articulo.php?id=230\" target=\"_blank\">descerebrados<\/a> que critican a MSF por acusar a la coalici\u00f3n y no \u00abelegir entre la civilizaci\u00f3n y la barbarie\u00bb. La idiotez no tiene l\u00edmites en algunos medios.<\/p>\n","protected":false},"excerpt":{"rendered":"<p>M\u00e9dicos sin Fronteras se ha visto obligada a retirarse de Afganist\u00e1n, tras la muerte de cinco de sus miembros.Comunicado de MSF. Extracto: Es triste que una organizaci\u00f3n que se dedica a ayudar desinteresadamente, sea usada con fines pol\u00edtico-informativos por las fuerzas de la coalici\u00f3n, a sabiendas de que esto, \u00abcon toda probabilidad\u00bb, pondr\u00eda a sus&hellip;&nbsp;<a href=\"https:\/\/junjan.org\/wordpress\/2004\/07\/utilizados\/\" rel=\"bookmark\">Leer m\u00e1s &raquo;<span class=\"screen-reader-text\">Utilizados<\/span><\/a><\/p>\n","protected":false},"author":1,"featured_media":0,"comment_status":"open","ping_status":"open","sticky":false,"template":"","format":"standard","meta":{"neve_meta_sidebar":"","neve_meta_container":"","neve_meta_enable_content_width":"","neve_meta_content_width":0,"neve_meta_title_alignment":"","neve_meta_author_avatar":"","neve_post_elements_order":"","neve_meta_disable_header":"","neve_meta_disable_footer":"","neve_meta_disable_title":"","footnotes":""},"categories":[5],"tags":[],"class_list":["post-230","post","type-post","status-publish","format-standard","hentry","category-actualidad"],"_links":{"self":[{"href":"https:\/\/junjan.org\/wordpress\/wp-json\/wp\/v2\/posts\/230","targetHints":{"allow":["GET"]}}],"collection":[{"href":"https:\/\/junjan.org\/wordpress\/wp-json\/wp\/v2\/posts"}],"about":[{"href":"https:\/\/junjan.org\/wordpress\/wp-json\/wp\/v2\/types\/post"}],"author":[{"embeddable":true,"href":"https:\/\/junjan.org\/wordpress\/wp-json\/wp\/v2\/users\/1"}],"replies":[{"embeddable":true,"href":"https:\/\/junjan.org\/wordpress\/wp-json\/wp\/v2\/comments?post=230"}],"version-history":[{"count":1,"href":"https:\/\/junjan.org\/wordpress\/wp-json\/wp\/v2\/posts\/230\/revisions"}],"predecessor-version":[{"id":2653,"href":"https:\/\/junjan.org\/wordpress\/wp-json\/wp\/v2\/posts\/230\/revisions\/2653"}],"wp:attachment":[{"href":"https:\/\/junjan.org\/wordpress\/wp-json\/wp\/v2\/media?parent=230"}],"wp:term":[{"taxonomy":"category","embeddable":true,"href":"https:\/\/junjan.org\/wordpress\/wp-json\/wp\/v2\/categories?post=230"},{"taxonomy":"post_tag","embeddable":true,"href":"https:\/\/junjan.org\/wordpress\/wp-json\/wp\/v2\/tags?post=230"}],"curies":[{"name":"wp","href":"https:\/\/api.w.org\/{rel}","templated":true}]}}