{"id":2327,"date":"2013-09-11T09:47:42","date_gmt":"2013-09-11T07:47:42","guid":{"rendered":"http:\/\/junjan.org\/wordpress\/?p=2327"},"modified":"2013-09-11T09:47:42","modified_gmt":"2013-09-11T07:47:42","slug":"ama-a-la-patria","status":"publish","type":"post","link":"https:\/\/junjan.org\/wordpress\/2013\/09\/ama-a-la-patria\/","title":{"rendered":"\u00bfAma a la patria?"},"content":{"rendered":"<p>Si hay algo aparte de la religi\u00f3n que ha hecho de este mundo un lugar donde las posibilidades de ser feliz son casi nulas para miles de millones de personas, eso es el patrotismo. Ya lo dijo el bueno de \u00ab<a href=\"http:\/\/www.archive.org\/details\/AmbroseBierce-ElDiccionarioDelDiablo\" target=\"_blank\">Ambrose Bierce<\/a>\u00ab, que puso el dedo en la llaga hace mucho tiempo:<\/p>\n<blockquote><p>Patriota, s. El que considera superiores los intereses de la parte a los intereses del todo. Juguete de pol\u00edticos e instrumento de conquistadores.<br \/>\nPatriotismo, s. Basura combustible dispuesta a arder para iluminar el nombre de cualquier ambicioso. En el famoso diccionario del doctor Johnson, el patriotismo se define como el \u00faltimo recurso de un pillo. Con el respeto debido a un lexic\u00f3grafo ilustre, aunque inferior, sostengo que es el primero.<\/p><\/blockquote>\n<p>La patria, la patria&#8230; \u00bfQu\u00e9 narices es la patria? \u00bfsirve para algo la patria? La lista de idiotas que quieren a su patria con locura es largu\u00edsima en todos lados, y aqu\u00ed cada esquinita est\u00e1 llena de pol\u00edticos pillos que se sirven de patriotismos para desviar la atenci\u00f3n.<\/p>\n","protected":false},"excerpt":{"rendered":"<p>Si hay algo aparte de la religi\u00f3n que ha hecho de este mundo un lugar donde las posibilidades de ser feliz son casi nulas para miles de millones de personas, eso es el patrotismo. Ya lo dijo el bueno de \u00abAmbrose Bierce\u00ab, que puso el dedo en la llaga hace mucho tiempo: Patriota, s. El&hellip;&nbsp;<a href=\"https:\/\/junjan.org\/wordpress\/2013\/09\/ama-a-la-patria\/\" rel=\"bookmark\">Leer m\u00e1s &raquo;<span class=\"screen-reader-text\">\u00bfAma a la patria?<\/span><\/a><\/p>\n","protected":false},"author":1,"featured_media":0,"comment_status":"open","ping_status":"open","sticky":false,"template":"","format":"standard","meta":{"neve_meta_sidebar":"","neve_meta_container":"","neve_meta_enable_content_width":"","neve_meta_content_width":0,"neve_meta_title_alignment":"","neve_meta_author_avatar":"","neve_post_elements_order":"","neve_meta_disable_header":"","neve_meta_disable_footer":"","neve_meta_disable_title":"","footnotes":""},"categories":[84],"tags":[935,936],"class_list":["post-2327","post","type-post","status-publish","format-standard","hentry","category-divagaciones","tag-patriostismo","tag-patriota"],"_links":{"self":[{"href":"https:\/\/junjan.org\/wordpress\/wp-json\/wp\/v2\/posts\/2327","targetHints":{"allow":["GET"]}}],"collection":[{"href":"https:\/\/junjan.org\/wordpress\/wp-json\/wp\/v2\/posts"}],"about":[{"href":"https:\/\/junjan.org\/wordpress\/wp-json\/wp\/v2\/types\/post"}],"author":[{"embeddable":true,"href":"https:\/\/junjan.org\/wordpress\/wp-json\/wp\/v2\/users\/1"}],"replies":[{"embeddable":true,"href":"https:\/\/junjan.org\/wordpress\/wp-json\/wp\/v2\/comments?post=2327"}],"version-history":[{"count":2,"href":"https:\/\/junjan.org\/wordpress\/wp-json\/wp\/v2\/posts\/2327\/revisions"}],"predecessor-version":[{"id":2329,"href":"https:\/\/junjan.org\/wordpress\/wp-json\/wp\/v2\/posts\/2327\/revisions\/2329"}],"wp:attachment":[{"href":"https:\/\/junjan.org\/wordpress\/wp-json\/wp\/v2\/media?parent=2327"}],"wp:term":[{"taxonomy":"category","embeddable":true,"href":"https:\/\/junjan.org\/wordpress\/wp-json\/wp\/v2\/categories?post=2327"},{"taxonomy":"post_tag","embeddable":true,"href":"https:\/\/junjan.org\/wordpress\/wp-json\/wp\/v2\/tags?post=2327"}],"curies":[{"name":"wp","href":"https:\/\/api.w.org\/{rel}","templated":true}]}}