{"id":2332,"date":"2013-09-20T23:07:50","date_gmt":"2013-09-20T21:07:50","guid":{"rendered":"http:\/\/junjan.org\/wordpress\/?p=2332"},"modified":"2013-09-28T17:08:32","modified_gmt":"2013-09-28T15:08:32","slug":"cuestion-de-numeros","status":"publish","type":"post","link":"https:\/\/junjan.org\/wordpress\/2013\/09\/cuestion-de-numeros\/","title":{"rendered":"Cuesti\u00f3n de n\u00fameros"},"content":{"rendered":"<p>Escuchaba un d\u00eda de esta semana el programa <a href=\"http:\/\/www.cadenaser.com\/sociedad\/audios\/margarita-pintos-todavia-falta-tiempo-podamos-visibilizar-dicho-papa\/csrcsrpor\/20130920csrcsrsoc_2\/Aes\/\" target=\"_blank\">Hoy por Hoy de la Cadena Ser<\/a>. Horario de m\u00e1xima audiencia, las 9:00 de la ma\u00f1ana m\u00e1s o menos. El tema, las <a href=\"http:\/\/www.eldiario.es\/politica\/Francisco-primero-Evangelio-despues-doctrina_0_177432587.html\" target=\"_blank\">declaraciones del Papa<\/a> cat\u00f3lico en un peri\u00f3dico eclesi\u00e1stico, sesudo an\u00e1lisis de te\u00f3loga de pedigr\u00ed y de tertulianos tod\u00f3logos. Todos los medios le dedicaron abundante cobertura.<\/p>\n<p>Siendo ateo, no me puede importar menos lo que digan dirigentes de instituciones anacr\u00f3nicas con doctrinas idiotas. Me parece irrelevante. Mi pregunta es, \u00bfpor qu\u00e9 tanto espacio medi\u00e1tico cada vez que el Papa abre la boca?\u00a0Me imagino que la respuesta que nos dar\u00edan los periodistas si les formul\u00e1ramos esa pregunta ser\u00eda que es un tema de inter\u00e9s general dado que la mayor parte de la poblaci\u00f3n es cat\u00f3lica. \u00bfC\u00f3mo sabemos que hay tantos cat\u00f3licos? S\u00f3lo hay que darse un paseo <a href=\"http:\/\/es.wikipedia.org\/wiki\/Religi%C3%B3n_en_Espa%C3%B1a\" target=\"_blank\">por la Wikipedia<\/a> para ver que la fuente de estos datos son los <a href=\"http:\/\/www.cis.es\/cis\/opencm\/ES\/11_barometros\/index.jsp\" target=\"_blank\">bar\u00f3metros del Centro de Investigaciones Sociol\u00f3gicas (CIS<\/a>) donde de manera m\u00e1s o menos constante m\u00e1s del 70 % de la poblaci\u00f3n se autodefine como cat\u00f3lica. Conclusi\u00f3n, est\u00e1 totalmente justificado el despliegue medi\u00e1tico.<\/p>\n<p>Pero, un momento. Sigamos haci\u00e9ndonos preguntas, s\u00f3lo por sana curiosidad cient\u00edfica. \u00bfC\u00f3mo se hacen los bar\u00f3metros del CIS? Si leemos su <a href=\"http:\/\/www.cis.es\/cis\/opencms\/ES\/1_encuestas\/ComoSeHacen\/pasosencuesta.html\" target=\"_blank\">metodolog\u00eda<\/a>, los datos se obtienen mediante \u00abencuesta personal realizada en hogares\u00bb de al menos 2500 personas de m\u00e1s de 18 a\u00f1os. Hay discusiones sin fin sobre como se analizan los datos y cu\u00e1les son los enunciados de las preguntas, pero yo me hago preguntas muchos m\u00e1s simples. \u00bfC\u00f3mo se selecciona a los encuestados? \u00bfCu\u00e1ndo se hacen las encuestas: por la ma\u00f1ana, por la tarde, por la noche? \u00bfSe selecciona a un grupo de encuestados y se les busca hasta encontrarlos o s\u00f3lo se pregunta a los encontrados en horario \u00abde oficina\u00bb?<\/p>\n<p>Sigamos. \u00bfAlguna vez hab\u00e9is respondido a una encuesta del CIS o a cualquier encuesta? \u00bfPodemos estar seguros que el \u00abuniverso\u00bb de la encuesta no est\u00e1 totalmente sesgado simplemente por criterios de disponibilidad? Al igual que las encuestas telef\u00f3nicas que s\u00f3lo usan n\u00fameros fijos y en horario laboral son imposibles de creer por su enorme sesgo hacia determinados grupos de poblaci\u00f3n, las encuestas presenciales que dependen de que el encuestador y el encuestado tengan horarios compatibles estar\u00e1n igualmente sesgadas.<\/p>\n<p>Si al igual que los c\u00e1lculos de asistencia a las manifestaciones, las encuestas podr\u00edan ser burdamente err\u00f3neas y adem\u00e1s s\u00f3lo preguntan lo que al gobierno de turno le interesa preguntar, \u00bfno ser\u00e1 que los problemas reales de la sociedad son otros?<\/p>\n<p>Por lo tanto, \u00bfy si no hay tantos cat\u00f3licos? \u00a0\u00bfy si no hay tantos antiabortistas? \u00bfy si no hay tantos espa\u00f1olistas? \u00bfy si no hay tantos catalanistas? \u00bfy si hay much\u00edsimos m\u00e1s antisistema? \u00bfla sociedad que nos reflejan los medios es totalmente irreal?<\/p>\n<p>Conclusi\u00f3n, los n\u00fameros no son irrelevantes, como cualquier pol\u00edtico sabe, y manipularlos es la primera asignatura que aprenden.<\/p>\n","protected":false},"excerpt":{"rendered":"<p>Escuchaba un d\u00eda de esta semana el programa Hoy por Hoy de la Cadena Ser. Horario de m\u00e1xima audiencia, las 9:00 de la ma\u00f1ana m\u00e1s o menos. El tema, las declaraciones del Papa cat\u00f3lico en un peri\u00f3dico eclesi\u00e1stico, sesudo an\u00e1lisis de te\u00f3loga de pedigr\u00ed y de tertulianos tod\u00f3logos. Todos los medios le dedicaron abundante cobertura.&hellip;&nbsp;<a href=\"https:\/\/junjan.org\/wordpress\/2013\/09\/cuestion-de-numeros\/\" rel=\"bookmark\">Leer m\u00e1s &raquo;<span class=\"screen-reader-text\">Cuesti\u00f3n de n\u00fameros<\/span><\/a><\/p>\n","protected":false},"author":1,"featured_media":0,"comment_status":"open","ping_status":"open","sticky":false,"template":"","format":"standard","meta":{"neve_meta_sidebar":"","neve_meta_container":"","neve_meta_enable_content_width":"","neve_meta_content_width":0,"neve_meta_title_alignment":"","neve_meta_author_avatar":"","neve_post_elements_order":"","neve_meta_disable_header":"","neve_meta_disable_footer":"","neve_meta_disable_title":"","footnotes":""},"categories":[84],"tags":[938,640],"class_list":["post-2332","post","type-post","status-publish","format-standard","hentry","category-divagaciones","tag-encuestas-2","tag-manipulacion"],"_links":{"self":[{"href":"https:\/\/junjan.org\/wordpress\/wp-json\/wp\/v2\/posts\/2332","targetHints":{"allow":["GET"]}}],"collection":[{"href":"https:\/\/junjan.org\/wordpress\/wp-json\/wp\/v2\/posts"}],"about":[{"href":"https:\/\/junjan.org\/wordpress\/wp-json\/wp\/v2\/types\/post"}],"author":[{"embeddable":true,"href":"https:\/\/junjan.org\/wordpress\/wp-json\/wp\/v2\/users\/1"}],"replies":[{"embeddable":true,"href":"https:\/\/junjan.org\/wordpress\/wp-json\/wp\/v2\/comments?post=2332"}],"version-history":[{"count":7,"href":"https:\/\/junjan.org\/wordpress\/wp-json\/wp\/v2\/posts\/2332\/revisions"}],"predecessor-version":[{"id":2340,"href":"https:\/\/junjan.org\/wordpress\/wp-json\/wp\/v2\/posts\/2332\/revisions\/2340"}],"wp:attachment":[{"href":"https:\/\/junjan.org\/wordpress\/wp-json\/wp\/v2\/media?parent=2332"}],"wp:term":[{"taxonomy":"category","embeddable":true,"href":"https:\/\/junjan.org\/wordpress\/wp-json\/wp\/v2\/categories?post=2332"},{"taxonomy":"post_tag","embeddable":true,"href":"https:\/\/junjan.org\/wordpress\/wp-json\/wp\/v2\/tags?post=2332"}],"curies":[{"name":"wp","href":"https:\/\/api.w.org\/{rel}","templated":true}]}}