{"id":2375,"date":"2014-05-27T23:53:46","date_gmt":"2014-05-27T21:53:46","guid":{"rendered":"http:\/\/junjan.org\/wordpress\/?p=2375"},"modified":"2014-05-27T23:53:46","modified_gmt":"2014-05-27T21:53:46","slug":"gana-la-abstencion","status":"publish","type":"post","link":"https:\/\/junjan.org\/wordpress\/2014\/05\/gana-la-abstencion\/","title":{"rendered":"Gana la abstenci\u00f3n"},"content":{"rendered":"<p>Otras elecciones y otra vez que los partidos \u00abmayoritarios\u00bb y los medios de comunicaci\u00f3n se olvidan de la abstenci\u00f3n, el voto nulo y el voto en blanco. Si representamos todos los partidos que han obtenido representaci\u00f3n, los agrupamos por bloques tem\u00e1ticos y a\u00f1adimos abstenci\u00f3n, voto nulo y voto en blanco, la conclusi\u00f3n es obvia. Se acab\u00f3 el bipartidismo y gana la abstenci\u00f3n.<\/p>\n<p><a href=\"http:\/\/junjan.org\/wordpress\/wp-content\/uploads\/2014\/05\/Europeas2014_4.png\"><img loading=\"lazy\" decoding=\"async\" class=\"alignleft size-large wp-image-2376\" src=\"http:\/\/junjan.org\/wordpress\/wp-content\/uploads\/2014\/05\/Europeas2014_4-1024x702.png\" alt=\"Europeas2014_4\" width=\"720\" height=\"493\" srcset=\"https:\/\/junjan.org\/wordpress\/wp-content\/uploads\/2014\/05\/Europeas2014_4-1024x702.png 1024w, https:\/\/junjan.org\/wordpress\/wp-content\/uploads\/2014\/05\/Europeas2014_4-300x205.png 300w, https:\/\/junjan.org\/wordpress\/wp-content\/uploads\/2014\/05\/Europeas2014_4.png 1115w\" sizes=\"auto, (max-width: 720px) 100vw, 720px\" \/><\/a><\/p>\n<p>Si nos vamos a Catalu\u00f1a con el anuncio de que estas elecciones eran un plebiscito de facto por la independencia, si representamos todos los datos, la conclusi\u00f3n tambi\u00e9n es obvia: 1) Para ser un plebiscito a la mayor\u00eda de la poblaci\u00f3n le importa el tema un pepino. 2) Dentro de la gente que vota la mayor\u00eda es pro-independentista frente a los quieren la permanencia. 3) La mezcla de partidos e ideolog\u00edas en ambos casos es tan variopinta que marea.<\/p>\n<p><a href=\"http:\/\/junjan.org\/wordpress\/wp-content\/uploads\/2014\/05\/Europeas2014_5.png\"><img loading=\"lazy\" decoding=\"async\" class=\"alignleft size-large wp-image-2377\" src=\"http:\/\/junjan.org\/wordpress\/wp-content\/uploads\/2014\/05\/Europeas2014_5-1024x629.png\" alt=\"Europeas2014_5\" width=\"720\" height=\"442\" srcset=\"https:\/\/junjan.org\/wordpress\/wp-content\/uploads\/2014\/05\/Europeas2014_5-1024x629.png 1024w, https:\/\/junjan.org\/wordpress\/wp-content\/uploads\/2014\/05\/Europeas2014_5-300x184.png 300w, https:\/\/junjan.org\/wordpress\/wp-content\/uploads\/2014\/05\/Europeas2014_5.png 1150w\" sizes=\"auto, (max-width: 720px) 100vw, 720px\" \/><\/a><\/p>\n","protected":false},"excerpt":{"rendered":"<p>Otras elecciones y otra vez que los partidos \u00abmayoritarios\u00bb y los medios de comunicaci\u00f3n se olvidan de la abstenci\u00f3n, el voto nulo y el voto en blanco. Si representamos todos los partidos que han obtenido representaci\u00f3n, los agrupamos por bloques tem\u00e1ticos y a\u00f1adimos abstenci\u00f3n, voto nulo y voto en blanco, la conclusi\u00f3n es obvia. Se&hellip;&nbsp;<a href=\"https:\/\/junjan.org\/wordpress\/2014\/05\/gana-la-abstencion\/\" rel=\"bookmark\">Leer m\u00e1s &raquo;<span class=\"screen-reader-text\">Gana la abstenci\u00f3n<\/span><\/a><\/p>\n","protected":false},"author":1,"featured_media":2377,"comment_status":"open","ping_status":"open","sticky":false,"template":"","format":"standard","meta":{"neve_meta_sidebar":"","neve_meta_container":"","neve_meta_enable_content_width":"","neve_meta_content_width":0,"neve_meta_title_alignment":"","neve_meta_author_avatar":"","neve_post_elements_order":"","neve_meta_disable_header":"","neve_meta_disable_footer":"","neve_meta_disable_title":"","footnotes":""},"categories":[5],"tags":[946,832,945],"class_list":["post-2375","post","type-post","status-publish","format-standard","has-post-thumbnail","hentry","category-actualidad","tag-abstencion","tag-bipartidismo","tag-eleccioneseuropeas"],"_links":{"self":[{"href":"https:\/\/junjan.org\/wordpress\/wp-json\/wp\/v2\/posts\/2375","targetHints":{"allow":["GET"]}}],"collection":[{"href":"https:\/\/junjan.org\/wordpress\/wp-json\/wp\/v2\/posts"}],"about":[{"href":"https:\/\/junjan.org\/wordpress\/wp-json\/wp\/v2\/types\/post"}],"author":[{"embeddable":true,"href":"https:\/\/junjan.org\/wordpress\/wp-json\/wp\/v2\/users\/1"}],"replies":[{"embeddable":true,"href":"https:\/\/junjan.org\/wordpress\/wp-json\/wp\/v2\/comments?post=2375"}],"version-history":[{"count":4,"href":"https:\/\/junjan.org\/wordpress\/wp-json\/wp\/v2\/posts\/2375\/revisions"}],"predecessor-version":[{"id":2381,"href":"https:\/\/junjan.org\/wordpress\/wp-json\/wp\/v2\/posts\/2375\/revisions\/2381"}],"wp:featuredmedia":[{"embeddable":true,"href":"https:\/\/junjan.org\/wordpress\/wp-json\/wp\/v2\/media\/2377"}],"wp:attachment":[{"href":"https:\/\/junjan.org\/wordpress\/wp-json\/wp\/v2\/media?parent=2375"}],"wp:term":[{"taxonomy":"category","embeddable":true,"href":"https:\/\/junjan.org\/wordpress\/wp-json\/wp\/v2\/categories?post=2375"},{"taxonomy":"post_tag","embeddable":true,"href":"https:\/\/junjan.org\/wordpress\/wp-json\/wp\/v2\/tags?post=2375"}],"curies":[{"name":"wp","href":"https:\/\/api.w.org\/{rel}","templated":true}]}}