{"id":2440,"date":"2017-10-18T00:50:43","date_gmt":"2017-10-17T22:50:43","guid":{"rendered":"http:\/\/junjan.org\/wordpress\/?p=2440"},"modified":"2017-10-18T00:51:07","modified_gmt":"2017-10-17T22:51:07","slug":"ya-dejo-de-ser-benigno","status":"publish","type":"post","link":"https:\/\/junjan.org\/wordpress\/2017\/10\/ya-dejo-de-ser-benigno\/","title":{"rendered":"Ya dej\u00f3 de ser benigno"},"content":{"rendered":"<p>Me ha venido a la mente un art\u00edculo de Jos\u00e9 Marzo del a\u00f1o 2005, ahora perdido en las procelosas aguas de Internet, pero que conservo en parte en el ba\u00fal:<\/p>\n<blockquote><p>\u00abEl nacionalismo, por el contrario, es la expresi\u00f3n pol\u00edtica del particularismo: primero mi casa, mi idioma, mi gente, y s\u00f3lo las casas que son como la m\u00eda, en las que se habla el mismo idioma que en la m\u00eda y que est\u00e1n habitadas por gente como yo y los m\u00edos. Un nacionalista s\u00f3lo puede ser nacionalista.<br \/>\nTodo nacionalismo pretende la uniformizaci\u00f3n de la ciudadan\u00eda de un territorio, el establecimiento de un consenso pol\u00edtico sin fisuras, mediante la supresi\u00f3n de la diversidad cultural y democr\u00e1tica y la falsificaci\u00f3n de la historia. El nacionalismo nunca es integrador, sino integrista.<br \/>\nEl nacionalismo espa\u00f1ol presenta cuatro cabezas prominentes: el nacionalismo catal\u00e1n, el nacionalismo gallego, el nacionalismo vasco y el nacionalismo espa\u00f1olista. Hist\u00f3ricamente, este \u00faltimo ha sido infinitamente peor, pues nos depar\u00f3 cuarenta a\u00f1os de una dictadura anacr\u00f3nica. Esto ha permitido que los tres primeros, que nunca han detentado el poder, se presenten como benignos e incluso rebeldes&#8230; La democracia tiene futuro si queremos que lo tenga. El nacionalismo es el pasado.\u00bb<\/p><\/blockquote>\n<p>Me permito a\u00f1adir que en 12 a\u00f1os ya dej\u00f3 uno de ser benigno.<\/p>\n","protected":false},"excerpt":{"rendered":"<p>Me ha venido a la mente un art\u00edculo de Jos\u00e9 Marzo del a\u00f1o 2005, ahora perdido en las procelosas aguas de Internet, pero que conservo en parte en el ba\u00fal: \u00abEl nacionalismo, por el contrario, es la expresi\u00f3n pol\u00edtica del particularismo: primero mi casa, mi idioma, mi gente, y s\u00f3lo las casas que son como&hellip;&nbsp;<a href=\"https:\/\/junjan.org\/wordpress\/2017\/10\/ya-dejo-de-ser-benigno\/\" rel=\"bookmark\">Leer m\u00e1s &raquo;<span class=\"screen-reader-text\">Ya dej\u00f3 de ser benigno<\/span><\/a><\/p>\n","protected":false},"author":1,"featured_media":0,"comment_status":"open","ping_status":"open","sticky":false,"template":"","format":"standard","meta":{"neve_meta_sidebar":"","neve_meta_container":"","neve_meta_enable_content_width":"","neve_meta_content_width":0,"neve_meta_title_alignment":"","neve_meta_author_avatar":"","neve_post_elements_order":"","neve_meta_disable_header":"","neve_meta_disable_footer":"","neve_meta_disable_title":"","footnotes":""},"categories":[5],"tags":[694,78],"class_list":["post-2440","post","type-post","status-publish","format-standard","hentry","category-actualidad","tag-cataluna","tag-nacionalismo"],"_links":{"self":[{"href":"https:\/\/junjan.org\/wordpress\/wp-json\/wp\/v2\/posts\/2440","targetHints":{"allow":["GET"]}}],"collection":[{"href":"https:\/\/junjan.org\/wordpress\/wp-json\/wp\/v2\/posts"}],"about":[{"href":"https:\/\/junjan.org\/wordpress\/wp-json\/wp\/v2\/types\/post"}],"author":[{"embeddable":true,"href":"https:\/\/junjan.org\/wordpress\/wp-json\/wp\/v2\/users\/1"}],"replies":[{"embeddable":true,"href":"https:\/\/junjan.org\/wordpress\/wp-json\/wp\/v2\/comments?post=2440"}],"version-history":[{"count":4,"href":"https:\/\/junjan.org\/wordpress\/wp-json\/wp\/v2\/posts\/2440\/revisions"}],"predecessor-version":[{"id":2444,"href":"https:\/\/junjan.org\/wordpress\/wp-json\/wp\/v2\/posts\/2440\/revisions\/2444"}],"wp:attachment":[{"href":"https:\/\/junjan.org\/wordpress\/wp-json\/wp\/v2\/media?parent=2440"}],"wp:term":[{"taxonomy":"category","embeddable":true,"href":"https:\/\/junjan.org\/wordpress\/wp-json\/wp\/v2\/categories?post=2440"},{"taxonomy":"post_tag","embeddable":true,"href":"https:\/\/junjan.org\/wordpress\/wp-json\/wp\/v2\/tags?post=2440"}],"curies":[{"name":"wp","href":"https:\/\/api.w.org\/{rel}","templated":true}]}}