{"id":246,"date":"2004-08-25T13:10:30","date_gmt":"2004-08-25T13:10:30","guid":{"rendered":"http:\/\/junjan.org\/wordpress\/?p=246"},"modified":"2004-08-25T13:10:30","modified_gmt":"2004-08-25T13:10:30","slug":"al_fin_reconocimiento","status":"publish","type":"post","link":"https:\/\/junjan.org\/wordpress\/2004\/08\/al_fin_reconocimiento\/","title":{"rendered":"Al fin, reconocimiento"},"content":{"rendered":"<p>Ya hab\u00eda recordado hace un par de meses, durante los fastos de las celebraciones del desembarco de Normand\u00eda, la amnesia que sufr\u00edan los estados implicados al no haber recordado **nunca** la participaci\u00f3n de los republicanos espa\u00f1oles en la segunda guerra mundial, tanto como tropas combatientes, como prisioneros en los campos de concentraci\u00f3n nazi.  Ver [\u00abRepublicanos en la SGM\u00bb:http:\/\/www.junjan.org\/weblog\/archives\/2004\/06\/07\/republicanos_en_la_sgm.html].<br \/>\nLa alcald\u00eda de Paris ha tenido, por fin, la decencia de recordar a estos combatientes, olvidados por su propio pais (aun hoy en d\u00eda), e ignorados durante 60 a\u00f1os en los registros de la historia.<\/p>\n<div class=\"citation\">\n(El Pais)<br \/>\nPara Anne Hidalgo, hoy primera teniente de alcalde, \u00abse trataba de recuperar una parte de nuestra historia que hab\u00eda sido olvidada\u00bb.<br \/>\n(&#8230;)<br \/>\nFrancia ha tardado 60 a\u00f1os en ofrecer ese peque\u00f1o homenaje oficial a los soldados republicanos. \u00abHoy lo importante es alegrarnos de ello. Sobre las razones del retraso, cada uno de nosotros tiene su idea\u00bb, dijo Hidalgo.\n<\/div>\n<p>M\u00e1s vale tarde que nunca.<br \/>\n**Actualizaci\u00f3n**<br \/>\nEstupendos art\u00edculos sobre \u00e9ste tema en [**La Insignia**]:<br \/>\n> \u00abDonde crecen las cruces de hierro (II)\u00bb:http:\/\/www.lainsignia.org\/2004\/junio\/cul_016.htm de Jes\u00fas G\u00f3mez Guti\u00e9rrez<br \/>\n> \u00bb Los espa\u00f1oles que liberaron Par\u00eds\u00bb:http:\/\/www.lainsignia.org\/2004\/agosto\/cul_057.htm de Eduardo Pons Prades<\/p>\n","protected":false},"excerpt":{"rendered":"<p>Ya hab\u00eda recordado hace un par de meses, durante los fastos de las celebraciones del desembarco de Normand\u00eda, la amnesia que sufr\u00edan los estados implicados al no haber recordado **nunca** la participaci\u00f3n de los republicanos espa\u00f1oles en la segunda guerra mundial, tanto como tropas combatientes, como prisioneros en los campos de concentraci\u00f3n nazi. Ver [\u00abRepublicanos&hellip;&nbsp;<a href=\"https:\/\/junjan.org\/wordpress\/2004\/08\/al_fin_reconocimiento\/\" rel=\"bookmark\">Leer m\u00e1s &raquo;<span class=\"screen-reader-text\">Al fin, reconocimiento<\/span><\/a><\/p>\n","protected":false},"author":1,"featured_media":0,"comment_status":"open","ping_status":"open","sticky":false,"template":"","format":"standard","meta":{"neve_meta_sidebar":"","neve_meta_container":"","neve_meta_enable_content_width":"","neve_meta_content_width":0,"neve_meta_title_alignment":"","neve_meta_author_avatar":"","neve_post_elements_order":"","neve_meta_disable_header":"","neve_meta_disable_footer":"","neve_meta_disable_title":"","footnotes":""},"categories":[5],"tags":[],"class_list":["post-246","post","type-post","status-publish","format-standard","hentry","category-actualidad"],"_links":{"self":[{"href":"https:\/\/junjan.org\/wordpress\/wp-json\/wp\/v2\/posts\/246","targetHints":{"allow":["GET"]}}],"collection":[{"href":"https:\/\/junjan.org\/wordpress\/wp-json\/wp\/v2\/posts"}],"about":[{"href":"https:\/\/junjan.org\/wordpress\/wp-json\/wp\/v2\/types\/post"}],"author":[{"embeddable":true,"href":"https:\/\/junjan.org\/wordpress\/wp-json\/wp\/v2\/users\/1"}],"replies":[{"embeddable":true,"href":"https:\/\/junjan.org\/wordpress\/wp-json\/wp\/v2\/comments?post=246"}],"version-history":[{"count":0,"href":"https:\/\/junjan.org\/wordpress\/wp-json\/wp\/v2\/posts\/246\/revisions"}],"wp:attachment":[{"href":"https:\/\/junjan.org\/wordpress\/wp-json\/wp\/v2\/media?parent=246"}],"wp:term":[{"taxonomy":"category","embeddable":true,"href":"https:\/\/junjan.org\/wordpress\/wp-json\/wp\/v2\/categories?post=246"},{"taxonomy":"post_tag","embeddable":true,"href":"https:\/\/junjan.org\/wordpress\/wp-json\/wp\/v2\/tags?post=246"}],"curies":[{"name":"wp","href":"https:\/\/api.w.org\/{rel}","templated":true}]}}