{"id":248,"date":"2004-08-27T00:55:09","date_gmt":"2004-08-27T00:55:09","guid":{"rendered":"http:\/\/junjan.org\/wordpress\/?p=248"},"modified":"2004-08-27T00:55:09","modified_gmt":"2004-08-27T00:55:09","slug":"adios_a_la_inmunidad","status":"publish","type":"post","link":"https:\/\/junjan.org\/wordpress\/2004\/08\/adios_a_la_inmunidad\/","title":{"rendered":"Adios a la inmunidad"},"content":{"rendered":"<p><img loading=\"lazy\" decoding=\"async\" alt=\"Pinochet.jpg\" title=\"Dictador asesino\" src=\"http:\/\/www.junjan.org\/weblog\/images\/Pinochet.jpg\" width=\"300\" height=\"407\" border=\"1\" \/><br \/>\nBBC Mundo: \u00ab[\u00abQuitan inmunidad a Pinochet\u00bb:http:\/\/news.bbc.co.uk\/hi\/spanish\/latin_america\/newsid_3602000\/3602644.stm]\u00bb<\/p>\n<div class=\"citation\">\nPor nueve votos contra ocho, el pleno de la Corte Suprema de Justicia confirm\u00f3 el desafuero del ex gobernante de facto Augusto Pinochet.<br \/>\nEsto significa que Pinochet podr\u00e1 ser investigado y procesado, en caso que se confirme su responsabilidad en los cr\u00edmenes cometidos en el marco de la Operaci\u00f3n C\u00f3ndor.<br \/>\nCon este nombre se conoce a las tareas coordinadas desarrolladas por varios servicios de inteligencia de gobiernos militares latinoamericanos, durante la d\u00e9cada de los 70, para perseguir y eliminar a disidentes pol\u00edticos.<br \/>\nSeg\u00fan los abogados querellantes, estos actos fueron organizados y coordinados desde Chile por la Direcci\u00f3n de Inteligencia Nacional, DINA, la polic\u00eda pol\u00edtica del r\u00e9gimen militar, que depend\u00eda directamente del entonces gobernante y comandante en jefe del Ej\u00e9rcito, Augusto Pinochet.\n<\/div>\n<p>Una de las muertes de este genocidio fue la del actor, compositor y cantante [\u00abVictor Jara\u00bb:http:\/\/www.fundacionvictorjara.cl\/].<br \/>\n**Te recuerdo Amanda** de _Victor Jara_<br \/>\nTe recuerdo Amanda,<br \/>\nla calle mojada,<br \/>\ncorriendo a la f\u00e1brica<br \/>\ndonde trabajaba Manuel.<br \/>\nLa sonrisa ancha, la lluvia en el pelo,<br \/>\nno importaba nada, ibas a encontrarte con \u00e9l,<br \/>\ncon \u00e9l, con \u00e9l, con \u00e9l, con \u00e9l.<br \/>\nSon cinco minutos.<br \/>\nLa vida es eterna en cinco minutos.<br \/>\nSuena la sirena de vuelta al trabajo,<br \/>\ny t\u00fa caminando, lo iluminas todo.<br \/>\nLos cinco minutos te hacen florecer.<br \/>\nLa sonrisa ancha, la lluvia en el pelo,<br \/>\nno importaba nada, ibas a encontrarte con \u00e9l,<br \/>\ncon \u00e9l, con \u00e9l, con \u00e9l, con \u00e9l.<br \/>\nQue parti\u00f3 a la sierra.<br \/>\nQue nunca hizo da\u00f1o. Que parti\u00f3 a la sierra,<br \/>\ny en cinco minutus qued\u00f3 destrozado.<br \/>\nSuena la sirena, de vuelta al trabajo.<br \/>\nMuchos no volvieron, tampoco Manuel.<\/p>\n","protected":false},"excerpt":{"rendered":"<p>BBC Mundo: \u00ab[\u00abQuitan inmunidad a Pinochet\u00bb:http:\/\/news.bbc.co.uk\/hi\/spanish\/latin_america\/newsid_3602000\/3602644.stm]\u00bb Por nueve votos contra ocho, el pleno de la Corte Suprema de Justicia confirm\u00f3 el desafuero del ex gobernante de facto Augusto Pinochet. Esto significa que Pinochet podr\u00e1 ser investigado y procesado, en caso que se confirme su responsabilidad en los cr\u00edmenes cometidos en el marco de la Operaci\u00f3n&hellip;&nbsp;<a href=\"https:\/\/junjan.org\/wordpress\/2004\/08\/adios_a_la_inmunidad\/\" rel=\"bookmark\">Leer m\u00e1s &raquo;<span class=\"screen-reader-text\">Adios a la inmunidad<\/span><\/a><\/p>\n","protected":false},"author":1,"featured_media":0,"comment_status":"open","ping_status":"open","sticky":false,"template":"","format":"standard","meta":{"neve_meta_sidebar":"","neve_meta_container":"","neve_meta_enable_content_width":"","neve_meta_content_width":0,"neve_meta_title_alignment":"","neve_meta_author_avatar":"","neve_post_elements_order":"","neve_meta_disable_header":"","neve_meta_disable_footer":"","neve_meta_disable_title":"","footnotes":""},"categories":[5],"tags":[],"class_list":["post-248","post","type-post","status-publish","format-standard","hentry","category-actualidad"],"_links":{"self":[{"href":"https:\/\/junjan.org\/wordpress\/wp-json\/wp\/v2\/posts\/248","targetHints":{"allow":["GET"]}}],"collection":[{"href":"https:\/\/junjan.org\/wordpress\/wp-json\/wp\/v2\/posts"}],"about":[{"href":"https:\/\/junjan.org\/wordpress\/wp-json\/wp\/v2\/types\/post"}],"author":[{"embeddable":true,"href":"https:\/\/junjan.org\/wordpress\/wp-json\/wp\/v2\/users\/1"}],"replies":[{"embeddable":true,"href":"https:\/\/junjan.org\/wordpress\/wp-json\/wp\/v2\/comments?post=248"}],"version-history":[{"count":0,"href":"https:\/\/junjan.org\/wordpress\/wp-json\/wp\/v2\/posts\/248\/revisions"}],"wp:attachment":[{"href":"https:\/\/junjan.org\/wordpress\/wp-json\/wp\/v2\/media?parent=248"}],"wp:term":[{"taxonomy":"category","embeddable":true,"href":"https:\/\/junjan.org\/wordpress\/wp-json\/wp\/v2\/categories?post=248"},{"taxonomy":"post_tag","embeddable":true,"href":"https:\/\/junjan.org\/wordpress\/wp-json\/wp\/v2\/tags?post=248"}],"curies":[{"name":"wp","href":"https:\/\/api.w.org\/{rel}","templated":true}]}}