{"id":25,"date":"2004-03-02T10:09:34","date_gmt":"2004-03-02T10:09:34","guid":{"rendered":"http:\/\/junjan.org\/wordpress\/?p=25"},"modified":"2018-03-04T22:33:43","modified_gmt":"2018-03-04T21:33:43","slug":"votar_por_un_partido_que_defie","status":"publish","type":"post","link":"https:\/\/junjan.org\/wordpress\/2004\/03\/votar_por_un_partido_que_defie\/","title":{"rendered":"Votar\u00e9 por un partido que defienda los derechos humanos"},"content":{"rendered":"<p><a href=\"http:\/\/www.es.amnesty.org\/\">Anmist\u00eda Internacional<\/a> ha puesto en marcha una iniciativa llamada \u00abVotar\u00e9 por un partido que defienda los derechos humanos\u00bb, donde pide a los candidatos de los diferentes partidos pol\u00edticos a que se comprometan p\u00fablicamente en la defensa de los derechos humanos. Yo personalmente me he adherido.<br \/>\nAdem\u00e1s Amnist\u00eda Internacional, Greenpeace e Intermon Oxfam han escrito un manifiesto conjunto titulado <a href=\"http:\/\/www.es.amnesty.org\/esp\/elecciones\/manifiesto.shtm\">\u00abPor un pa\u00eds comprometido con los derechos humanos, la lucha contra la pobreza y el respeto al medio ambiente\u00bb<\/a> donde exigen a los partidos pol\u00edticos un compromiso con estos temas. Tambi\u00e9n me he adherido.<br \/>\nDicho esto, me parece que es como gritarle a un sordo, puede que te lea un poco mejor los labios porque abres m\u00e1s la boca, pero en definitiva nunca te va a o\u00edr.<\/p>\n","protected":false},"excerpt":{"rendered":"<p>Anmist\u00eda Internacional ha puesto en marcha una iniciativa llamada \u00abVotar\u00e9 por un partido que defienda los derechos humanos\u00bb, donde pide a los candidatos de los diferentes partidos pol\u00edticos a que se comprometan p\u00fablicamente en la defensa de los derechos humanos. Yo personalmente me he adherido. Adem\u00e1s Amnist\u00eda Internacional, Greenpeace e Intermon Oxfam han escrito un&hellip;&nbsp;<a href=\"https:\/\/junjan.org\/wordpress\/2004\/03\/votar_por_un_partido_que_defie\/\" rel=\"bookmark\">Leer m\u00e1s &raquo;<span class=\"screen-reader-text\">Votar\u00e9 por un partido que defienda los derechos humanos<\/span><\/a><\/p>\n","protected":false},"author":1,"featured_media":0,"comment_status":"open","ping_status":"open","sticky":false,"template":"","format":"standard","meta":{"neve_meta_sidebar":"","neve_meta_container":"","neve_meta_enable_content_width":"","neve_meta_content_width":0,"neve_meta_title_alignment":"","neve_meta_author_avatar":"","neve_post_elements_order":"","neve_meta_disable_header":"","neve_meta_disable_footer":"","neve_meta_disable_title":"","footnotes":""},"categories":[5],"tags":[969,217],"class_list":["post-25","post","type-post","status-publish","format-standard","hentry","category-actualidad","tag-amnistia-internacional","tag-derechos-humanos"],"_links":{"self":[{"href":"https:\/\/junjan.org\/wordpress\/wp-json\/wp\/v2\/posts\/25","targetHints":{"allow":["GET"]}}],"collection":[{"href":"https:\/\/junjan.org\/wordpress\/wp-json\/wp\/v2\/posts"}],"about":[{"href":"https:\/\/junjan.org\/wordpress\/wp-json\/wp\/v2\/types\/post"}],"author":[{"embeddable":true,"href":"https:\/\/junjan.org\/wordpress\/wp-json\/wp\/v2\/users\/1"}],"replies":[{"embeddable":true,"href":"https:\/\/junjan.org\/wordpress\/wp-json\/wp\/v2\/comments?post=25"}],"version-history":[{"count":2,"href":"https:\/\/junjan.org\/wordpress\/wp-json\/wp\/v2\/posts\/25\/revisions"}],"predecessor-version":[{"id":2493,"href":"https:\/\/junjan.org\/wordpress\/wp-json\/wp\/v2\/posts\/25\/revisions\/2493"}],"wp:attachment":[{"href":"https:\/\/junjan.org\/wordpress\/wp-json\/wp\/v2\/media?parent=25"}],"wp:term":[{"taxonomy":"category","embeddable":true,"href":"https:\/\/junjan.org\/wordpress\/wp-json\/wp\/v2\/categories?post=25"},{"taxonomy":"post_tag","embeddable":true,"href":"https:\/\/junjan.org\/wordpress\/wp-json\/wp\/v2\/tags?post=25"}],"curies":[{"name":"wp","href":"https:\/\/api.w.org\/{rel}","templated":true}]}}