{"id":250,"date":"2004-08-30T16:32:07","date_gmt":"2004-08-30T16:32:07","guid":{"rendered":"http:\/\/junjan.org\/wordpress\/?p=250"},"modified":"2004-08-30T16:32:07","modified_gmt":"2004-08-30T16:32:07","slug":"impunidad","status":"publish","type":"post","link":"https:\/\/junjan.org\/wordpress\/2004\/08\/impunidad\/","title":{"rendered":"Impunidad"},"content":{"rendered":"<p><img loading=\"lazy\" decoding=\"async\" alt=\"Forges_incendios.gif\" src=\"http:\/\/www.junjan.org\/weblog\/images\/Forges_incendios.gif\" width=\"444\" height=\"310\" border=\"1\" style=\"float: left; margin: 4px 13px 5px 0px\" \/><br \/>\nOtro verano y otra epidemia de incendios forestales impunes. Y con el cambio de gobierno, y por en\u00e9sima vez, se vuelve a prometer un reforma de la ley para que las tierras quemadas no puedan ser recalificadas y un endurecimiento de las penas&#8230;<br \/>\nEsto me produce un sentimiento que queda perfectamente reflejado en esta vi\u00f1eta de Forges, que me permito incluir aqu\u00ed.<br \/>\n\u00bfSer\u00e1 en serio \u00e9sta vez?<br \/>\n\u00bfPara cuando unas leyes que protejan nuestro patrimonio natural \u00abde verdad\u00bb? Adem\u00e1s del negocio de la recalificaci\u00f3n de los suelos quemados como suelos agr\u00edcolas o urbanizables, hay otros negocios que salen muy beneficiados con los incendios, madereras y empresas que viven exclusivamente de la extinci\u00f3n y posterior repoblaci\u00f3n de las tierras incendiadas.<br \/>\nSi s\u00f3lo se invierte en la extinci\u00f3n de los incencios y no en prevenirlos e investigarlos hasta sus \u00faltimas consecuencias, no sirve para nada.<br \/>\n\u00bfPor qu\u00e9 no hay incendios en los bosques que son gestionados por las poblaciones rurales circundantes?<\/p>\n","protected":false},"excerpt":{"rendered":"<p>Otro verano y otra epidemia de incendios forestales impunes. Y con el cambio de gobierno, y por en\u00e9sima vez, se vuelve a prometer un reforma de la ley para que las tierras quemadas no puedan ser recalificadas y un endurecimiento de las penas&#8230; Esto me produce un sentimiento que queda perfectamente reflejado en esta vi\u00f1eta&hellip;&nbsp;<a href=\"https:\/\/junjan.org\/wordpress\/2004\/08\/impunidad\/\" rel=\"bookmark\">Leer m\u00e1s &raquo;<span class=\"screen-reader-text\">Impunidad<\/span><\/a><\/p>\n","protected":false},"author":1,"featured_media":0,"comment_status":"open","ping_status":"open","sticky":false,"template":"","format":"standard","meta":{"neve_meta_sidebar":"","neve_meta_container":"","neve_meta_enable_content_width":"","neve_meta_content_width":0,"neve_meta_title_alignment":"","neve_meta_author_avatar":"","neve_post_elements_order":"","neve_meta_disable_header":"","neve_meta_disable_footer":"","neve_meta_disable_title":"","footnotes":""},"categories":[9],"tags":[],"class_list":["post-250","post","type-post","status-publish","format-standard","hentry","category-opinion"],"_links":{"self":[{"href":"https:\/\/junjan.org\/wordpress\/wp-json\/wp\/v2\/posts\/250","targetHints":{"allow":["GET"]}}],"collection":[{"href":"https:\/\/junjan.org\/wordpress\/wp-json\/wp\/v2\/posts"}],"about":[{"href":"https:\/\/junjan.org\/wordpress\/wp-json\/wp\/v2\/types\/post"}],"author":[{"embeddable":true,"href":"https:\/\/junjan.org\/wordpress\/wp-json\/wp\/v2\/users\/1"}],"replies":[{"embeddable":true,"href":"https:\/\/junjan.org\/wordpress\/wp-json\/wp\/v2\/comments?post=250"}],"version-history":[{"count":0,"href":"https:\/\/junjan.org\/wordpress\/wp-json\/wp\/v2\/posts\/250\/revisions"}],"wp:attachment":[{"href":"https:\/\/junjan.org\/wordpress\/wp-json\/wp\/v2\/media?parent=250"}],"wp:term":[{"taxonomy":"category","embeddable":true,"href":"https:\/\/junjan.org\/wordpress\/wp-json\/wp\/v2\/categories?post=250"},{"taxonomy":"post_tag","embeddable":true,"href":"https:\/\/junjan.org\/wordpress\/wp-json\/wp\/v2\/tags?post=250"}],"curies":[{"name":"wp","href":"https:\/\/api.w.org\/{rel}","templated":true}]}}