{"id":259,"date":"2004-09-04T01:01:06","date_gmt":"2004-09-04T01:01:06","guid":{"rendered":"http:\/\/junjan.org\/wordpress\/?p=259"},"modified":"2004-09-04T01:01:06","modified_gmt":"2004-09-04T01:01:06","slug":"yo_no_es_que_sea_racista_pero","status":"publish","type":"post","link":"https:\/\/junjan.org\/wordpress\/2004\/09\/yo_no_es_que_sea_racista_pero\/","title":{"rendered":"Yo no es que sea racista, pero&#8230;"},"content":{"rendered":"<p>Este es un comienzo de frase que promete. Se usa mucho y suele estar seguido de alguna opini\u00f3n totalmente racista. No hay que enga\u00f1arse, Espa\u00f1a esta llena de racistas.<br \/>\nFrase como \u00e9stas que he o\u00eddo recientemente&#8230;<\/p>\n<blockquote><p>\u00abLa violencia contra las mujeres ha aumentado por la inmigraci\u00f3n, porque la cultura de los inmigrantes sudamericanos y musulmanes es much\u00edsimo m\u00e1s machista y violenta.\u00bb<\/p><\/blockquote>\n<blockquote><p>(Hablando por tel\u00e9fono con una agencia inmobiliaria&#8230;)<br \/>\n_Ah!!_<br \/>\n\u00bfQu\u00e9 pasa?<br \/>\n_Nada, que acaba de entrar una manada de rumanos&#8230;_<\/p><\/blockquote>\n<blockquote><p>\u00abYo no soy racista, no me importa que vengan los inmigrantes, pero que vengan con trabajo.\u00bb<\/p><\/blockquote>\n<p>&#8230;son comunes.<br \/>\nEn las noticias es normal el uso de coletillas rutinarias que se empe\u00f1an en recordarnos el dato de la nacionalidad u origen de las personas, tenga o no importancia en la historia. Por ejemplo, hoy escuchaba una noticia que comenzaba con: \u00abUn matrimonio con nacionalidad espa\u00f1ola pero de origen guineano\u00bb. El relato era tr\u00e1gico, pero el origen de las personas era irrelevante. \u00bfPor qu\u00e9 hay que apostillar que ten\u00edan origen guineano? \u00bfEs una manera suave de decir \u00abtenga en cuenta que eran negros\u00bb?<br \/>\n\u00bfY dicen que no somos racistas? Venga ya.<\/p>\n","protected":false},"excerpt":{"rendered":"<p>Este es un comienzo de frase que promete. Se usa mucho y suele estar seguido de alguna opini\u00f3n totalmente racista. No hay que enga\u00f1arse, Espa\u00f1a esta llena de racistas. Frase como \u00e9stas que he o\u00eddo recientemente&#8230; \u00abLa violencia contra las mujeres ha aumentado por la inmigraci\u00f3n, porque la cultura de los inmigrantes sudamericanos y musulmanes&hellip;&nbsp;<a href=\"https:\/\/junjan.org\/wordpress\/2004\/09\/yo_no_es_que_sea_racista_pero\/\" rel=\"bookmark\">Leer m\u00e1s &raquo;<span class=\"screen-reader-text\">Yo no es que sea racista, pero&#8230;<\/span><\/a><\/p>\n","protected":false},"author":1,"featured_media":0,"comment_status":"open","ping_status":"open","sticky":false,"template":"","format":"standard","meta":{"neve_meta_sidebar":"","neve_meta_container":"","neve_meta_enable_content_width":"","neve_meta_content_width":0,"neve_meta_title_alignment":"","neve_meta_author_avatar":"","neve_post_elements_order":"","neve_meta_disable_header":"","neve_meta_disable_footer":"","neve_meta_disable_title":"","footnotes":""},"categories":[9],"tags":[],"class_list":["post-259","post","type-post","status-publish","format-standard","hentry","category-opinion"],"_links":{"self":[{"href":"https:\/\/junjan.org\/wordpress\/wp-json\/wp\/v2\/posts\/259","targetHints":{"allow":["GET"]}}],"collection":[{"href":"https:\/\/junjan.org\/wordpress\/wp-json\/wp\/v2\/posts"}],"about":[{"href":"https:\/\/junjan.org\/wordpress\/wp-json\/wp\/v2\/types\/post"}],"author":[{"embeddable":true,"href":"https:\/\/junjan.org\/wordpress\/wp-json\/wp\/v2\/users\/1"}],"replies":[{"embeddable":true,"href":"https:\/\/junjan.org\/wordpress\/wp-json\/wp\/v2\/comments?post=259"}],"version-history":[{"count":0,"href":"https:\/\/junjan.org\/wordpress\/wp-json\/wp\/v2\/posts\/259\/revisions"}],"wp:attachment":[{"href":"https:\/\/junjan.org\/wordpress\/wp-json\/wp\/v2\/media?parent=259"}],"wp:term":[{"taxonomy":"category","embeddable":true,"href":"https:\/\/junjan.org\/wordpress\/wp-json\/wp\/v2\/categories?post=259"},{"taxonomy":"post_tag","embeddable":true,"href":"https:\/\/junjan.org\/wordpress\/wp-json\/wp\/v2\/tags?post=259"}],"curies":[{"name":"wp","href":"https:\/\/api.w.org\/{rel}","templated":true}]}}