{"id":2613,"date":"2020-10-20T14:42:16","date_gmt":"2020-10-20T12:42:16","guid":{"rendered":"https:\/\/junjan.org\/wordpress\/?p=2613"},"modified":"2020-10-20T22:46:34","modified_gmt":"2020-10-20T20:46:34","slug":"raices-religiosas-de-la-guerra-civil-espanola-1","status":"publish","type":"post","link":"https:\/\/junjan.org\/wordpress\/2020\/10\/raices-religiosas-de-la-guerra-civil-espanola-1\/","title":{"rendered":"Ra\u00edces religiosas de la guerra civil espa\u00f1ola (1)"},"content":{"rendered":"\n<p>Dice <a href=\"https:\/\/www.goodreads.com\/nl\/book\/show\/44612604-la-guerra-civil-espa-ola\" data-type=\"URL\" data-id=\"https:\/\/www.goodreads.com\/nl\/book\/show\/44612604-la-guerra-civil-espa-ola\" target=\"_blank\" rel=\"noreferrer noopener\">Hugh Thomas en \u00abLa guerra civil espa\u00f1ola\u00bb <\/a>que el primer estallido de la contienda fue violenta pastoral del cardenal Segura hecha p\u00fablica el 7 de mayo de 1931, d\u00edas despu\u00e9s de la constituci\u00f3n de la segunda rep\u00fablica. El cardenal Pedro Segura y S\u00e1enz fue arzobispo de Toledo, primado de la Iglesia espa\u00f1ola y un conocido defensor de la teocracia. La carta pastoral (<a href=\"https:\/\/junjan.org\/wordpress\/wp-content\/uploads\/2020\/10\/Carta-Pastoral-Cardenal-Segura-1-mayo-1931.pdf\" data-type=\"URL\" data-id=\"https:\/\/junjan.org\/wordpress\/wp-content\/uploads\/2020\/10\/Carta-Pastoral-Cardenal-Segura-1-mayo-1931.pdf\" target=\"_blank\" rel=\"noreferrer noopener\">completa aqu\u00ed<\/a>) terminaba con estas palabras:<\/p>\n\n\n\n<blockquote class=\"alignfull wp-block-ugb-blockquote ugb-blockquote ugb-7d62a16 ugb-blockquote--v3 ugb-blockquote--design-plain ugb-main-block ugb-main-block--inner-center ugb--has-block-background\" id=\"\"><style>.ugb-7d62a16 .ugb-blockquote__quote{fill:#fcb900 !important;opacity:0.5;width:120px !important;height:120px !important;left:100px !important;top:45px !important}.ugb-7d62a16 .ugb-blockquote__text{font-size:20px !important;font-weight:500 !important;letter-spacing:0.7px !important;line-height:1.4em !important}.ugb-7d62a16 .ugb-blockquote__item{text-align:center !important}.ugb-7d62a16 .ugb-inner-block{text-align:center}.ugb-7d62a16.ugb-blockquote{min-height:360px;background-color:rgba(255,255,255,1)}@media screen and (-ms-high-contrast:active),screen and (-ms-high-contrast:none){.ugb-7d62a16.ugb-blockquote{height:360px}}<\/style><div class=\"ugb-inner-block ugb-inner-block--center\"><div class=\"ugb-block-content\"><div class=\"ugb-blockquote__item\"><svg viewbox=\"0 0 50 50\" xmlns=\"http:\/\/www.w3.org\/2000\/svg\" class=\"ugb-blockquote__quote\" width=\"120\" height=\"120\"><path d=\"M19.8 9.3C10.5 11.8 4.6 17 2.1 24.8c2.3-3.6 5.6-5.4 9.9-5.4 3.3 0 6 1.1 8.3 3.3 2.2 2.2 3.4 5 3.4 8.3 0 3.2-1.1 5.8-3.3 8-2.2 2.2-5.1 3.2-8.7 3.2-3.7 0-6.5-1.2-8.6-3.5C1 36.3 0 33.1 0 29 0 18.3 6.5 11.2 19.6 7.9l.2 1.4zm26.4 0C36.9 11.9 31 17 28.5 24.8c2.2-3.6 5.5-5.4 9.8-5.4 3.2 0 6 1.1 8.3 3.2 2.3 2.2 3.4 4.9 3.4 8.3 0 3.1-1.1 5.8-3.3 7.9-2.2 2.2-5.1 3.3-8.6 3.3-3.7 0-6.6-1.1-8.6-3.4-2.1-2.3-3.1-5.5-3.1-9.7 0-10.7 6.6-17.8 19.7-21.1l.1 1.4z\"><\/path><\/svg><div class=\"ugb-blockquote__content\"><p class=\"ugb-blockquote__text\">\u00abSi permanecemos quietos y ociosos y nos dejamos ir hacia la apat\u00eda y cortedad; si dejamos abierto el camino a todos aquellos que intentan destruir la religi\u00f3n o si esperamos la benevolencia de nuestros enemigos para asegurar el triunfo de nuestros ideales, no tendremos ning\u00fan derecho a quejarnos cuando la amarga realidad nos muestre que hemos tenido la victoria en nuestras manos, pero que no hemos sabido luchar como intr\u00e9pidos guerreros dispuestos a sucumbir gloriosamente\u00bb. <span style=\"color: #b50c20;\" class=\"ugb-highlight\">Cardenal Segura, carta pastoral. 7 de mayo de 1931<\/span><\/p><\/div><\/div><\/div><\/div><\/blockquote>\n\n\n\n<p>Es triste que haya obispos <a href=\"https:\/\/www.eldiario.es\/sociedad\/conexiones-vox-grupos-ultracatolicos_1_1799146.html\" data-type=\"URL\" data-id=\"https:\/\/www.eldiario.es\/sociedad\/conexiones-vox-grupos-ultracatolicos_1_1799146.html\" target=\"_blank\" rel=\"noreferrer noopener\">que sigan igual<\/a>.<\/p>\n","protected":false},"excerpt":{"rendered":"<p>Dice Hugh Thomas en \u00abLa guerra civil espa\u00f1ola\u00bb que el primer estallido de la contienda fue violenta pastoral del cardenal Segura hecha p\u00fablica el 7 de mayo de 1931, d\u00edas despu\u00e9s de la constituci\u00f3n de la segunda rep\u00fablica. El cardenal Pedro Segura y S\u00e1enz fue arzobispo de Toledo, primado de la Iglesia espa\u00f1ola y un&hellip;&nbsp;<a href=\"https:\/\/junjan.org\/wordpress\/2020\/10\/raices-religiosas-de-la-guerra-civil-espanola-1\/\" rel=\"bookmark\">Leer m\u00e1s &raquo;<span class=\"screen-reader-text\">Ra\u00edces religiosas de la guerra civil espa\u00f1ola (1)<\/span><\/a><\/p>\n","protected":false},"author":1,"featured_media":0,"comment_status":"open","ping_status":"open","sticky":false,"template":"","format":"standard","meta":{"neve_meta_sidebar":"","neve_meta_container":"","neve_meta_enable_content_width":"","neve_meta_content_width":0,"neve_meta_title_alignment":"","neve_meta_author_avatar":"","neve_post_elements_order":"","neve_meta_disable_header":"","neve_meta_disable_footer":"","neve_meta_disable_title":"","footnotes":""},"categories":[8],"tags":[976,484],"class_list":["post-2613","post","type-post","status-publish","format-standard","hentry","category-historia","tag-guerra-civil-2","tag-religion"],"_links":{"self":[{"href":"https:\/\/junjan.org\/wordpress\/wp-json\/wp\/v2\/posts\/2613","targetHints":{"allow":["GET"]}}],"collection":[{"href":"https:\/\/junjan.org\/wordpress\/wp-json\/wp\/v2\/posts"}],"about":[{"href":"https:\/\/junjan.org\/wordpress\/wp-json\/wp\/v2\/types\/post"}],"author":[{"embeddable":true,"href":"https:\/\/junjan.org\/wordpress\/wp-json\/wp\/v2\/users\/1"}],"replies":[{"embeddable":true,"href":"https:\/\/junjan.org\/wordpress\/wp-json\/wp\/v2\/comments?post=2613"}],"version-history":[{"count":5,"href":"https:\/\/junjan.org\/wordpress\/wp-json\/wp\/v2\/posts\/2613\/revisions"}],"predecessor-version":[{"id":2623,"href":"https:\/\/junjan.org\/wordpress\/wp-json\/wp\/v2\/posts\/2613\/revisions\/2623"}],"wp:attachment":[{"href":"https:\/\/junjan.org\/wordpress\/wp-json\/wp\/v2\/media?parent=2613"}],"wp:term":[{"taxonomy":"category","embeddable":true,"href":"https:\/\/junjan.org\/wordpress\/wp-json\/wp\/v2\/categories?post=2613"},{"taxonomy":"post_tag","embeddable":true,"href":"https:\/\/junjan.org\/wordpress\/wp-json\/wp\/v2\/tags?post=2613"}],"curies":[{"name":"wp","href":"https:\/\/api.w.org\/{rel}","templated":true}]}}