{"id":262,"date":"2004-09-07T01:43:37","date_gmt":"2004-09-07T01:43:37","guid":{"rendered":"http:\/\/junjan.org\/wordpress\/?p=262"},"modified":"2004-09-07T01:43:37","modified_gmt":"2004-09-07T01:43:37","slug":"optimista_irremediable","status":"publish","type":"post","link":"https:\/\/junjan.org\/wordpress\/2004\/09\/optimista_irremediable\/","title":{"rendered":"Optimista irremediable"},"content":{"rendered":"<p>Si. La verdad es que me pas\u00e9 de optimista.<br \/>\nSab\u00eda que era \u00abprevisible\u00bb:http:\/\/www.junjan.org\/weblog\/archives\/2004\/07\/07\/previsible.html que la comisi\u00f3n del 11M no serviera para mucho, que las opiniones antag\u00f3nicas de unos y de otros no iban a cambiar un \u00e1pice, pero ten\u00eda la esperanza de que ayudara a una cierta normalizaci\u00f3n democr\u00e1tica. Ten\u00eda la est\u00fapida esperanza de que, al fin, podr\u00edamos ver a un (ex)presidente del gobierno sudando un poco en p\u00fablico al ver expuestas sus verguenzas.<br \/>\nEs verdad, est\u00fapida esperanza. Ciertamente est\u00fapida. Dicen los socialistas que ya lo sabemos todo, que no hace falta profundizar. Si lo que ya sab\u00edamos no ha aumentado en la comisi\u00f3n, y no hace falta profundizar: \u00bfpara qu\u00e9 sirve la comisi\u00f3n?  \u00bfnos estais diciendo que tras medio a\u00f1o de marear la perdiz lo \u00fanico que hemos conseguido es que vosotros cobreis unas cuantas dietas?<br \/>\nYo supon\u00eda, idiota iluso una vez m\u00e1s, que por fin \u00edbamos a incluir **\u00bbresponsabilidades pol\u00edticas\u00bb** en nuestro vocabulario democr\u00e1tico. No supuse que los nuevos burros iban a entrar tan r\u00e1pido a comer la cebada. Claro, tarde o temprano les podr\u00eda tocar&#8230;<\/p>\n","protected":false},"excerpt":{"rendered":"<p>Si. La verdad es que me pas\u00e9 de optimista. Sab\u00eda que era \u00abprevisible\u00bb:http:\/\/www.junjan.org\/weblog\/archives\/2004\/07\/07\/previsible.html que la comisi\u00f3n del 11M no serviera para mucho, que las opiniones antag\u00f3nicas de unos y de otros no iban a cambiar un \u00e1pice, pero ten\u00eda la esperanza de que ayudara a una cierta normalizaci\u00f3n democr\u00e1tica. Ten\u00eda la est\u00fapida esperanza de que,&hellip;&nbsp;<a href=\"https:\/\/junjan.org\/wordpress\/2004\/09\/optimista_irremediable\/\" rel=\"bookmark\">Leer m\u00e1s &raquo;<span class=\"screen-reader-text\">Optimista irremediable<\/span><\/a><\/p>\n","protected":false},"author":1,"featured_media":0,"comment_status":"open","ping_status":"open","sticky":false,"template":"","format":"standard","meta":{"neve_meta_sidebar":"","neve_meta_container":"","neve_meta_enable_content_width":"","neve_meta_content_width":0,"neve_meta_title_alignment":"","neve_meta_author_avatar":"","neve_post_elements_order":"","neve_meta_disable_header":"","neve_meta_disable_footer":"","neve_meta_disable_title":"","footnotes":""},"categories":[9],"tags":[],"class_list":["post-262","post","type-post","status-publish","format-standard","hentry","category-opinion"],"_links":{"self":[{"href":"https:\/\/junjan.org\/wordpress\/wp-json\/wp\/v2\/posts\/262","targetHints":{"allow":["GET"]}}],"collection":[{"href":"https:\/\/junjan.org\/wordpress\/wp-json\/wp\/v2\/posts"}],"about":[{"href":"https:\/\/junjan.org\/wordpress\/wp-json\/wp\/v2\/types\/post"}],"author":[{"embeddable":true,"href":"https:\/\/junjan.org\/wordpress\/wp-json\/wp\/v2\/users\/1"}],"replies":[{"embeddable":true,"href":"https:\/\/junjan.org\/wordpress\/wp-json\/wp\/v2\/comments?post=262"}],"version-history":[{"count":0,"href":"https:\/\/junjan.org\/wordpress\/wp-json\/wp\/v2\/posts\/262\/revisions"}],"wp:attachment":[{"href":"https:\/\/junjan.org\/wordpress\/wp-json\/wp\/v2\/media?parent=262"}],"wp:term":[{"taxonomy":"category","embeddable":true,"href":"https:\/\/junjan.org\/wordpress\/wp-json\/wp\/v2\/categories?post=262"},{"taxonomy":"post_tag","embeddable":true,"href":"https:\/\/junjan.org\/wordpress\/wp-json\/wp\/v2\/tags?post=262"}],"curies":[{"name":"wp","href":"https:\/\/api.w.org\/{rel}","templated":true}]}}