{"id":2689,"date":"2020-12-12T22:24:56","date_gmt":"2020-12-12T21:24:56","guid":{"rendered":"https:\/\/junjan.org\/wordpress\/?p=2689"},"modified":"2020-12-12T22:27:43","modified_gmt":"2020-12-12T21:27:43","slug":"digna-sucesora","status":"publish","type":"post","link":"https:\/\/junjan.org\/wordpress\/2020\/12\/digna-sucesora\/","title":{"rendered":"Digna sucesora"},"content":{"rendered":"\n<p>Siguiendo la estela clasista, retr\u00f3grada, integrista y nacional-cat\u00f3lica de Aznar y <a rel=\"noreferrer noopener\" href=\"https:\/\/junjan.org\/wordpress\/2004\/03\/digno_sucesor\/\" data-type=\"URL\" data-id=\"https:\/\/junjan.org\/wordpress\/2004\/03\/digno_sucesor\/\" target=\"_blank\">Rajoy<\/a>, D\u00edaz Ayuso nos ha regalado un discurso digno de sus maestros. <\/p>\n\n\n\n<p>En respuesta a <a rel=\"noreferrer noopener\" href=\"https:\/\/twitter.com\/P_GomezPerpinya\" data-type=\"URL\" data-id=\"https:\/\/twitter.com\/P_GomezPerpinya\" target=\"_blank\">Pablo Perpiny\u00e0 <\/a>(Portavoz de M\u00e1s Madrid en la Asamblea de Madrid) en una conversaci\u00f3n sobre el rey hem\u00e9rito dijo lo siguiente (pongo en rojo mi traducci\u00f3n simult\u00e1nea):<\/p>\n\n\n\n<blockquote class=\"wp-block-ugb-blockquote ugb-blockquote ugb-c0ea309 ugb-blockquote--v3 ugb-blockquote--design-plain ugb-main-block\"><style>.ugb-c0ea309 .ugb-blockquote__quote{width:70px !important;height:70px !important}<\/style><div class=\"ugb-inner-block\"><div class=\"ugb-block-content\"><div class=\"ugb-blockquote__item\"><svg viewbox=\"0 0 50 50\" xmlns=\"http:\/\/www.w3.org\/2000\/svg\" class=\"ugb-blockquote__quote\" width=\"70\" height=\"70\"><path d=\"M19.8 9.3C10.5 11.8 4.6 17 2.1 24.8c2.3-3.6 5.6-5.4 9.9-5.4 3.3 0 6 1.1 8.3 3.3 2.2 2.2 3.4 5 3.4 8.3 0 3.2-1.1 5.8-3.3 8-2.2 2.2-5.1 3.2-8.7 3.2-3.7 0-6.5-1.2-8.6-3.5C1 36.3 0 33.1 0 29 0 18.3 6.5 11.2 19.6 7.9l.2 1.4zm26.4 0C36.9 11.9 31 17 28.5 24.8c2.2-3.6 5.5-5.4 9.8-5.4 3.2 0 6 1.1 8.3 3.2 2.3 2.2 3.4 4.9 3.4 8.3 0 3.1-1.1 5.8-3.3 7.9-2.2 2.2-5.1 3.3-8.6 3.3-3.7 0-6.6-1.1-8.6-3.4-2.1-2.3-3.1-5.5-3.1-9.7 0-10.7 6.6-17.8 19.7-21.1l.1 1.4z\"><\/path><\/svg><div class=\"ugb-blockquote__content\"><p class=\"ugb-blockquote__text\">Por supuesto que la ley es para todos las misma, pero no todos somos iguales ante la ley. Y le voy a decir otra cosa, el rey don Juan Carlos no es como usted <span style=\"color:#a20d0d\" class=\"has-inline-color\">(perro comunista que vas en camiseta y no llevas ni corbata),<\/span> ni much\u00edsimo menos.  Para empezar ha sido un gran embajador de este pa\u00eds, durante much\u00edsimos a\u00f1os, y gracias a su trabajo pudimos pasar de una dictadura, con la que no se llevaba especialmente bien <span style=\"color:#a20d0d\" class=\"has-inline-color\">(el dictador le hizo heredero \u00fanico), <\/span>a una democracia, de la ley a  la ley  (<span style=\"color:#a20d0d\" class=\"has-inline-color\">o sea que la dictadura era la ley)<\/span>. Con unas instituciones tan fuertes, tan bien representadas <span style=\"color:#a20d0d\" class=\"has-inline-color\">(durante mucho tiempo s\u00f3lo por herederos del <\/span><span style=\"color:#a52211\" class=\"has-inline-color\">franquismo)<\/span>,  que han permitido que personas como ustedes <span style=\"color:#a20d0d\" class=\"has-inline-color\">(plebeyos republicanos)<\/span> que las quieren derribar desde dentro est\u00e9n hoy en esos esca\u00f1os criticando al monarca.  <em>Otra cosa est\u00e1 clara, <\/em>su problema no es el rey Juan Carlos, su problema es Felipe VI y, por supuesto, y por encima de todo la monarqu\u00eda parlamentaria que recoge nuestra constituci\u00f3n. \u00bfY por qu\u00e9? Porque la monarqu\u00eda representa a todos los espa\u00f1oles <span style=\"color:#a20d0d\" class=\"has-inline-color\">(que las rep\u00fablicas no representan a sus ciudadanos, como Francia)<\/span> , la monarqu\u00eda, la Constituci\u00f3n o la capital de Espa\u00f1a no nos pertenece a ninguno <span style=\"color:#a20d0d\" class=\"has-inline-color\">(excepto a los fondos buitre de nuestros amigos) <\/span>porque es fruto del consenso de todos. Por eso, la monarqu\u00eda y Madrid van unidos hist\u00f3ricamente de la mano , y ustedes lo quieren derrocar por una republica bananera donde solo valen los suyos <span style=\"color:#a20d0d\" class=\"has-inline-color\">(no como el PP de Madrid que tiene una historia inmaculada)<\/span>. Una Espa\u00f1a contra la otra y de ah\u00ed  siempre sus ataques desmesurados contra la monarqu\u00eda. As\u00ed que vayan todos mis respetos para el rey don Juan Carlos, y para su trayectoria. Que no es un ciudadano m\u00e1s, no es como ustedes <span style=\"color:#a20d0d\" class=\"has-inline-color\">(perroflautas)<\/span>,\u00a0que se van a creer.\u00bb <strong>Isabel D\u00edaz Ayuso, 10\/112\/2020<\/strong><\/p><\/div><\/div><\/div><\/div><\/blockquote>\n\n\n\n<figure class=\"wp-block-video\"><video height=\"720\" style=\"aspect-ratio: 1280 \/ 720;\" width=\"1280\" controls src=\"https:\/\/junjan.org\/wordpress\/wp-content\/uploads\/2020\/12\/Ayuso1.mp4\"><\/video><figcaption>Ayuso en modo recogepelotas del rey<\/figcaption><\/figure>\n","protected":false},"excerpt":{"rendered":"<p>Siguiendo la estela clasista, retr\u00f3grada, integrista y nacional-cat\u00f3lica de Aznar y Rajoy, D\u00edaz Ayuso nos ha regalado un discurso digno de sus maestros. En respuesta a Pablo Perpiny\u00e0 (Portavoz de M\u00e1s Madrid en la Asamblea de Madrid) en una conversaci\u00f3n sobre el rey hem\u00e9rito dijo lo siguiente (pongo en rojo mi traducci\u00f3n simult\u00e1nea):<\/p>\n","protected":false},"author":1,"featured_media":0,"comment_status":"open","ping_status":"open","sticky":false,"template":"","format":"standard","meta":{"neve_meta_sidebar":"","neve_meta_container":"","neve_meta_enable_content_width":"","neve_meta_content_width":0,"neve_meta_title_alignment":"","neve_meta_author_avatar":"","neve_post_elements_order":"","neve_meta_disable_header":"","neve_meta_disable_footer":"","neve_meta_disable_title":"","footnotes":""},"categories":[84],"tags":[987,230,507,648],"class_list":["post-2689","post","type-post","status-publish","format-standard","hentry","category-divagaciones","tag-ayuso","tag-aznar","tag-pp","tag-rajoy"],"_links":{"self":[{"href":"https:\/\/junjan.org\/wordpress\/wp-json\/wp\/v2\/posts\/2689","targetHints":{"allow":["GET"]}}],"collection":[{"href":"https:\/\/junjan.org\/wordpress\/wp-json\/wp\/v2\/posts"}],"about":[{"href":"https:\/\/junjan.org\/wordpress\/wp-json\/wp\/v2\/types\/post"}],"author":[{"embeddable":true,"href":"https:\/\/junjan.org\/wordpress\/wp-json\/wp\/v2\/users\/1"}],"replies":[{"embeddable":true,"href":"https:\/\/junjan.org\/wordpress\/wp-json\/wp\/v2\/comments?post=2689"}],"version-history":[{"count":3,"href":"https:\/\/junjan.org\/wordpress\/wp-json\/wp\/v2\/posts\/2689\/revisions"}],"predecessor-version":[{"id":2693,"href":"https:\/\/junjan.org\/wordpress\/wp-json\/wp\/v2\/posts\/2689\/revisions\/2693"}],"wp:attachment":[{"href":"https:\/\/junjan.org\/wordpress\/wp-json\/wp\/v2\/media?parent=2689"}],"wp:term":[{"taxonomy":"category","embeddable":true,"href":"https:\/\/junjan.org\/wordpress\/wp-json\/wp\/v2\/categories?post=2689"},{"taxonomy":"post_tag","embeddable":true,"href":"https:\/\/junjan.org\/wordpress\/wp-json\/wp\/v2\/tags?post=2689"}],"curies":[{"name":"wp","href":"https:\/\/api.w.org\/{rel}","templated":true}]}}