{"id":269,"date":"2004-09-14T16:39:29","date_gmt":"2004-09-14T16:39:29","guid":{"rendered":"http:\/\/junjan.org\/wordpress\/?p=269"},"modified":"2004-09-14T16:39:29","modified_gmt":"2004-09-14T16:39:29","slug":"permiso_de_paternidad","status":"publish","type":"post","link":"https:\/\/junjan.org\/wordpress\/2004\/09\/permiso_de_paternidad\/","title":{"rendered":"Permiso de paternidad"},"content":{"rendered":"<p>IU, CiU y el grupo mixto estan realizado en estos momentos una propuesta en el Congreso de los Diputados para introducir en nuestras decimon\u00f3nicas leyes un permiso de paternidad (nacimiento o adopci\u00f3n) **independiente** del permiso de maternidad de la madre. En otras palabras, que por fin se llegue a la conclusi\u00f3n \u00ablegal\u00bb de que los hijos son tambi\u00e9n de los padres y que tener hijos en una pareja, es cosa de dos. Por lo tanto se romper\u00eda y reducir\u00eda la abismal desigualdad laboral que separa a hombres y mujeres en cuanto a sus hijos. Los empresarios no tendr\u00edan ese machista argumento de \u00ab\u00bfY si se queda embarazada?\u00bb, porque aunque fueras hombre te _\u00bbpodr\u00edas quedar embarazado\u00bb,_ al poder exigir tu permiso paternal.<br \/>\nVer \u00ab[\u00abEn directo\u00bb:rtsp:\/\/live88.terra.es\/farm\/*\/cparlam.rm]\u00bb usando el Canal Parlamentario (Real Audio).<br \/>\n\u00bfSer\u00e1 consecuente el PSOE con sus pasadas propuestas y votar\u00e1 a favor? Veremos, porque aduciendo problemas \u00abde calendario\u00bb y futuras reformas ha manifestado por la ma\u00f1ana que va a votar en contra&#8230;<br \/>\n**Actualizaci\u00f3n**<br \/>\nEsto de seguir el parlamento \u00abonline\u00bb es mejor que los deportes, \u00bfestar\u00e9 entrando en barrena?<br \/>\nCoalici\u00f3n Canaria votar\u00e1 a favor.<br \/>\nPNV votar\u00e1 a favor.<br \/>\n**Actualizaci\u00f3n II**<br \/>\nERC se abstendr\u00e1 en espera de una reforma m\u00e1s general prometida por el PSOE.<br \/>\n**Actualizaci\u00f3n III**<br \/>\nEl PP, tras ret\u00f3rica defensa de sus propias leyes y logros, y aduciendo que la propuestas necesita un \u00abestudio serio\u00bb y \u00abconsenso social\u00bb y el establecimiento de un \u00abcalendario\u00bb, votar\u00e1 en contra.<br \/>\nEl PSOE, tras ret\u00f3rica defensa de sus futuras leyes y futuros logros, y prometiendo una reforma mucho m\u00e1s amplia de la ley, que incluir\u00e1 el cuidado a dependientes y mayores, y que contar\u00e1 con negociaci\u00f3n con los agentes sociales, votar\u00e1 en contra. La portavoz promete cumplir su programa en dos o tres meses.<br \/>\nKafkiana pol\u00edtica parlamentaria&#8230; No me acabo de enterar.<\/p>\n","protected":false},"excerpt":{"rendered":"<p>IU, CiU y el grupo mixto estan realizado en estos momentos una propuesta en el Congreso de los Diputados para introducir en nuestras decimon\u00f3nicas leyes un permiso de paternidad (nacimiento o adopci\u00f3n) **independiente** del permiso de maternidad de la madre. En otras palabras, que por fin se llegue a la conclusi\u00f3n \u00ablegal\u00bb de que los&hellip;&nbsp;<a href=\"https:\/\/junjan.org\/wordpress\/2004\/09\/permiso_de_paternidad\/\" rel=\"bookmark\">Leer m\u00e1s &raquo;<span class=\"screen-reader-text\">Permiso de paternidad<\/span><\/a><\/p>\n","protected":false},"author":1,"featured_media":0,"comment_status":"open","ping_status":"open","sticky":false,"template":"","format":"standard","meta":{"neve_meta_sidebar":"","neve_meta_container":"","neve_meta_enable_content_width":"","neve_meta_content_width":0,"neve_meta_title_alignment":"","neve_meta_author_avatar":"","neve_post_elements_order":"","neve_meta_disable_header":"","neve_meta_disable_footer":"","neve_meta_disable_title":"","footnotes":""},"categories":[5],"tags":[],"class_list":["post-269","post","type-post","status-publish","format-standard","hentry","category-actualidad"],"_links":{"self":[{"href":"https:\/\/junjan.org\/wordpress\/wp-json\/wp\/v2\/posts\/269","targetHints":{"allow":["GET"]}}],"collection":[{"href":"https:\/\/junjan.org\/wordpress\/wp-json\/wp\/v2\/posts"}],"about":[{"href":"https:\/\/junjan.org\/wordpress\/wp-json\/wp\/v2\/types\/post"}],"author":[{"embeddable":true,"href":"https:\/\/junjan.org\/wordpress\/wp-json\/wp\/v2\/users\/1"}],"replies":[{"embeddable":true,"href":"https:\/\/junjan.org\/wordpress\/wp-json\/wp\/v2\/comments?post=269"}],"version-history":[{"count":0,"href":"https:\/\/junjan.org\/wordpress\/wp-json\/wp\/v2\/posts\/269\/revisions"}],"wp:attachment":[{"href":"https:\/\/junjan.org\/wordpress\/wp-json\/wp\/v2\/media?parent=269"}],"wp:term":[{"taxonomy":"category","embeddable":true,"href":"https:\/\/junjan.org\/wordpress\/wp-json\/wp\/v2\/categories?post=269"},{"taxonomy":"post_tag","embeddable":true,"href":"https:\/\/junjan.org\/wordpress\/wp-json\/wp\/v2\/tags?post=269"}],"curies":[{"name":"wp","href":"https:\/\/api.w.org\/{rel}","templated":true}]}}