{"id":27,"date":"2004-03-05T10:08:23","date_gmt":"2004-03-05T10:08:23","guid":{"rendered":"http:\/\/junjan.org\/wordpress\/?p=27"},"modified":"2018-03-04T22:35:46","modified_gmt":"2018-03-04T21:35:46","slug":"polticos_o_predicadores","status":"publish","type":"post","link":"https:\/\/junjan.org\/wordpress\/2004\/03\/polticos_o_predicadores\/","title":{"rendered":"\u00bfPol\u00edticos o predicadores?"},"content":{"rendered":"<p>Contaban en la <a href=\"http:\/\/www.cadenaser.com\/\">cadena Ser<\/a> una de las \u00faltimas an\u00e9cdotas de ese pr\u00f3cer de la pol\u00edtica que es Ana Palacio. Al parecer nuestra insigne ministra se col\u00f3 en una reuni\u00f3n de mujeres evang\u00e9licas (por aquello de que cualquier reuni\u00f3n se puede convertir en un mitin) y como a las se\u00f1oras les gust\u00f3 la jugada, le pidieron aut\u00f3grafos y se los acab\u00f3 firmando en sus \u00abBiblias\u00bb. Esto si que tiene que ser un libro para conservar, \u00a1una Biblia firmada por Ana Palacio!<br \/>\nPero, \u00bfser\u00e1 casualidad lo de la Biblia? Porque ahora que lo pienso, en la publicidad televisiva del PP, Mariano parece un predicador. Rodeado por esa peque\u00f1a cohorte de perfect\u00edsimos y sonrientes ciudadanos, representantes de todas las edades y modelos, parece el mism\u00edsimo Cristo dando una peque\u00f1a homil\u00eda a sus fieles. \u00a1Qu\u00e9 tierno! \u00a1Qu\u00e9 limpio! \u00a1Vaya pedazo de mentira y camelo de lo m\u00e1s baboso que he visto!<\/p>\n","protected":false},"excerpt":{"rendered":"<p>Contaban en la cadena Ser una de las \u00faltimas an\u00e9cdotas de ese pr\u00f3cer de la pol\u00edtica que es Ana Palacio. Al parecer nuestra insigne ministra se col\u00f3 en una reuni\u00f3n de mujeres evang\u00e9licas (por aquello de que cualquier reuni\u00f3n se puede convertir en un mitin) y como a las se\u00f1oras les gust\u00f3 la jugada, le&hellip;&nbsp;<a href=\"https:\/\/junjan.org\/wordpress\/2004\/03\/polticos_o_predicadores\/\" rel=\"bookmark\">Leer m\u00e1s &raquo;<span class=\"screen-reader-text\">\u00bfPol\u00edticos o predicadores?<\/span><\/a><\/p>\n","protected":false},"author":1,"featured_media":0,"comment_status":"open","ping_status":"open","sticky":false,"template":"","format":"standard","meta":{"neve_meta_sidebar":"","neve_meta_container":"","neve_meta_enable_content_width":"","neve_meta_content_width":0,"neve_meta_title_alignment":"","neve_meta_author_avatar":"","neve_post_elements_order":"","neve_meta_disable_header":"","neve_meta_disable_footer":"","neve_meta_disable_title":"","footnotes":""},"categories":[9],"tags":[970,971,507],"class_list":["post-27","post","type-post","status-publish","format-standard","hentry","category-opinion","tag-ana-palacio","tag-biblia","tag-pp"],"_links":{"self":[{"href":"https:\/\/junjan.org\/wordpress\/wp-json\/wp\/v2\/posts\/27","targetHints":{"allow":["GET"]}}],"collection":[{"href":"https:\/\/junjan.org\/wordpress\/wp-json\/wp\/v2\/posts"}],"about":[{"href":"https:\/\/junjan.org\/wordpress\/wp-json\/wp\/v2\/types\/post"}],"author":[{"embeddable":true,"href":"https:\/\/junjan.org\/wordpress\/wp-json\/wp\/v2\/users\/1"}],"replies":[{"embeddable":true,"href":"https:\/\/junjan.org\/wordpress\/wp-json\/wp\/v2\/comments?post=27"}],"version-history":[{"count":1,"href":"https:\/\/junjan.org\/wordpress\/wp-json\/wp\/v2\/posts\/27\/revisions"}],"predecessor-version":[{"id":2494,"href":"https:\/\/junjan.org\/wordpress\/wp-json\/wp\/v2\/posts\/27\/revisions\/2494"}],"wp:attachment":[{"href":"https:\/\/junjan.org\/wordpress\/wp-json\/wp\/v2\/media?parent=27"}],"wp:term":[{"taxonomy":"category","embeddable":true,"href":"https:\/\/junjan.org\/wordpress\/wp-json\/wp\/v2\/categories?post=27"},{"taxonomy":"post_tag","embeddable":true,"href":"https:\/\/junjan.org\/wordpress\/wp-json\/wp\/v2\/tags?post=27"}],"curies":[{"name":"wp","href":"https:\/\/api.w.org\/{rel}","templated":true}]}}