{"id":272,"date":"2004-09-15T23:07:43","date_gmt":"2004-09-15T23:07:43","guid":{"rendered":"http:\/\/junjan.org\/wordpress\/?p=272"},"modified":"2004-09-15T23:07:43","modified_gmt":"2004-09-15T23:07:43","slug":"mamaita_los_otros_nios_no_me_q","status":"publish","type":"post","link":"https:\/\/junjan.org\/wordpress\/2004\/09\/mamaita_los_otros_nios_no_me_q\/","title":{"rendered":"Mamaita, los otros ni\u00f1os no me quieren"},"content":{"rendered":"<p>Tras uno d\u00edas de [\u00abincertidumbre\u00bb:http:\/\/www.junjan.org\/weblog\/archives\/2004\/09\/07\/optimista_irremediable.html], donde parec\u00eda que nuestro amado ex-presidente iba a librarse de sentar su culo en la silla de la Comisi\u00f3n del 11M, la cordura ha vuelto moment\u00e1neamente a nuestros representantes, y Aznar comparecer\u00e1 (No gracias al entusiasmo del PSOE).<br \/>\nNo es que espere que Aznar vaya a decir nada interesante, aparte de ilustrarnos con la parafernalia, ya t\u00edpica, de su orgullo herido; pero me apetecer\u00eda ver como se le escapa alguna gota de sudor tras preguntas impertinentes.<br \/>\nEsta comparecencia ha levantado r\u00edos de bilis entre los miembros del PP, a pesar de haber votado a favor. Las declaraciones de Rajoy, Zaplana [_et al._], han entrado en una absurdidad supina. Por ejemplo, Mariano Rajoy ha dicho que _ha habido \u00abpresiones\u00bb sobre los grupos minoritarios para que no aceptaran las proposiciones del PP de convocar a la comisi\u00f3n a informadores, confidentes y periodistas_ (Al parecer Zapatero y Rubalcaba han sido vistos dando collejas a Llamazares y Carod-Rovira para evitar que apoyaran al PP, es que me parto). Ya hab\u00eda usado, en referencia a Rajoy, el refr\u00e1n de \u00ab[\u00abCada d\u00eda que amanece el n\u00famero de tontos crece\u00bb:http:\/\/www.junjan.org\/weblog\/archives\/2004\/04\/27\/cada_dia_que_amanece_el_numero_de_tontos_crece.html]\u00bb. Me reafirmo.<br \/>\nSe han olvidado muy r\u00e1pido de las bondades del rodillo autoritario que les proporcionaba la mayor\u00eda absoluta, y en un tiempo r\u00e9cord han pasado a ser los abogados de las minor\u00edas. Rapid\u00edsima evoluci\u00f3n, digna de organismos bacterianos arcaicos.<br \/>\nZaplana no se ha quedado atr\u00e1s (como no) y ha manifestado: [_\u00bbNo estamos ante una comisi\u00f3n de investigaci\u00f3n. Es mentira. No se quiere investigar nada. No se quiere saber la verdad. Es todo absolutamente mentira. Seguir con este juego parece rid\u00edculo\u00bb_]. Se ha pasado con la dosis de transilium, como siga tom\u00e1ndose dos pastillas diarias, va a acabar acusando a Zapatero de ser responsable del asesinato de Kennedy. Pat\u00e9tico.<br \/>\nEl asunto debe de ser muy fuerte, cuando en \u00abLibertad Digital\u00bb:http:\/\/www.libertaddigital.es\/opiniones\/opi_desa_20490.html creen que el PP \u00abha empezado a reaccionar\u00bb.<\/p>\n","protected":false},"excerpt":{"rendered":"<p>Tras uno d\u00edas de [\u00abincertidumbre\u00bb:http:\/\/www.junjan.org\/weblog\/archives\/2004\/09\/07\/optimista_irremediable.html], donde parec\u00eda que nuestro amado ex-presidente iba a librarse de sentar su culo en la silla de la Comisi\u00f3n del 11M, la cordura ha vuelto moment\u00e1neamente a nuestros representantes, y Aznar comparecer\u00e1 (No gracias al entusiasmo del PSOE). No es que espere que Aznar vaya a decir nada interesante, aparte&hellip;&nbsp;<a href=\"https:\/\/junjan.org\/wordpress\/2004\/09\/mamaita_los_otros_nios_no_me_q\/\" rel=\"bookmark\">Leer m\u00e1s &raquo;<span class=\"screen-reader-text\">Mamaita, los otros ni\u00f1os no me quieren<\/span><\/a><\/p>\n","protected":false},"author":1,"featured_media":0,"comment_status":"open","ping_status":"open","sticky":false,"template":"","format":"standard","meta":{"neve_meta_sidebar":"","neve_meta_container":"","neve_meta_enable_content_width":"","neve_meta_content_width":0,"neve_meta_title_alignment":"","neve_meta_author_avatar":"","neve_post_elements_order":"","neve_meta_disable_header":"","neve_meta_disable_footer":"","neve_meta_disable_title":"","footnotes":""},"categories":[5],"tags":[],"class_list":["post-272","post","type-post","status-publish","format-standard","hentry","category-actualidad"],"_links":{"self":[{"href":"https:\/\/junjan.org\/wordpress\/wp-json\/wp\/v2\/posts\/272","targetHints":{"allow":["GET"]}}],"collection":[{"href":"https:\/\/junjan.org\/wordpress\/wp-json\/wp\/v2\/posts"}],"about":[{"href":"https:\/\/junjan.org\/wordpress\/wp-json\/wp\/v2\/types\/post"}],"author":[{"embeddable":true,"href":"https:\/\/junjan.org\/wordpress\/wp-json\/wp\/v2\/users\/1"}],"replies":[{"embeddable":true,"href":"https:\/\/junjan.org\/wordpress\/wp-json\/wp\/v2\/comments?post=272"}],"version-history":[{"count":0,"href":"https:\/\/junjan.org\/wordpress\/wp-json\/wp\/v2\/posts\/272\/revisions"}],"wp:attachment":[{"href":"https:\/\/junjan.org\/wordpress\/wp-json\/wp\/v2\/media?parent=272"}],"wp:term":[{"taxonomy":"category","embeddable":true,"href":"https:\/\/junjan.org\/wordpress\/wp-json\/wp\/v2\/categories?post=272"},{"taxonomy":"post_tag","embeddable":true,"href":"https:\/\/junjan.org\/wordpress\/wp-json\/wp\/v2\/tags?post=272"}],"curies":[{"name":"wp","href":"https:\/\/api.w.org\/{rel}","templated":true}]}}