{"id":275,"date":"2004-09-16T15:05:32","date_gmt":"2004-09-16T15:05:32","guid":{"rendered":"http:\/\/junjan.org\/wordpress\/?p=275"},"modified":"2004-09-16T15:05:32","modified_gmt":"2004-09-16T15:05:32","slug":"la_insoportable_necedad_de_zap","status":"publish","type":"post","link":"https:\/\/junjan.org\/wordpress\/2004\/09\/la_insoportable_necedad_de_zap\/","title":{"rendered":"La insoportable necedad de Zaplana"},"content":{"rendered":"<p>Dice Zaplana:<\/p>\n<blockquote><p>\u00abMi partido tiene informaciones acerca de lo que habl\u00f3 el se\u00f1or Zapatero con medios de comunicaci\u00f3n entre los d\u00edas 11 y 14 de marzo y probablemente contribuy\u00f3 a confundir a los ciudadanos con noticias falsas\u00bb.<\/p><\/blockquote>\n<p>Veamos:<br \/>\n1. \u00bfEs ilegal hablar por tel\u00e9fono con periodistas? &#8211; No<br \/>\n2. \u00bfHablar con periodistas implica que les dices noticias falsas? &#8211; No<br \/>\n3. \u00bfSe confuncieron los ciudadanos con la declaraciones de Zapatero, o con las declaraciones del Gobierno? &#8211; Con las del Gobierno.<br \/>\n4. \u00bfZaplana piensa algo de lo que dice? &#8211; Lo dejo a juicio del lector.<\/p>\n","protected":false},"excerpt":{"rendered":"<p>Dice Zaplana: \u00abMi partido tiene informaciones acerca de lo que habl\u00f3 el se\u00f1or Zapatero con medios de comunicaci\u00f3n entre los d\u00edas 11 y 14 de marzo y probablemente contribuy\u00f3 a confundir a los ciudadanos con noticias falsas\u00bb. Veamos: 1. \u00bfEs ilegal hablar por tel\u00e9fono con periodistas? &#8211; No 2. \u00bfHablar con periodistas implica que les&hellip;&nbsp;<a href=\"https:\/\/junjan.org\/wordpress\/2004\/09\/la_insoportable_necedad_de_zap\/\" rel=\"bookmark\">Leer m\u00e1s &raquo;<span class=\"screen-reader-text\">La insoportable necedad de Zaplana<\/span><\/a><\/p>\n","protected":false},"author":1,"featured_media":0,"comment_status":"open","ping_status":"open","sticky":false,"template":"","format":"standard","meta":{"neve_meta_sidebar":"","neve_meta_container":"","neve_meta_enable_content_width":"","neve_meta_content_width":0,"neve_meta_title_alignment":"","neve_meta_author_avatar":"","neve_post_elements_order":"","neve_meta_disable_header":"","neve_meta_disable_footer":"","neve_meta_disable_title":"","footnotes":""},"categories":[5],"tags":[56],"class_list":["post-275","post","type-post","status-publish","format-standard","hentry","category-actualidad","tag-zaplana"],"_links":{"self":[{"href":"https:\/\/junjan.org\/wordpress\/wp-json\/wp\/v2\/posts\/275","targetHints":{"allow":["GET"]}}],"collection":[{"href":"https:\/\/junjan.org\/wordpress\/wp-json\/wp\/v2\/posts"}],"about":[{"href":"https:\/\/junjan.org\/wordpress\/wp-json\/wp\/v2\/types\/post"}],"author":[{"embeddable":true,"href":"https:\/\/junjan.org\/wordpress\/wp-json\/wp\/v2\/users\/1"}],"replies":[{"embeddable":true,"href":"https:\/\/junjan.org\/wordpress\/wp-json\/wp\/v2\/comments?post=275"}],"version-history":[{"count":0,"href":"https:\/\/junjan.org\/wordpress\/wp-json\/wp\/v2\/posts\/275\/revisions"}],"wp:attachment":[{"href":"https:\/\/junjan.org\/wordpress\/wp-json\/wp\/v2\/media?parent=275"}],"wp:term":[{"taxonomy":"category","embeddable":true,"href":"https:\/\/junjan.org\/wordpress\/wp-json\/wp\/v2\/categories?post=275"},{"taxonomy":"post_tag","embeddable":true,"href":"https:\/\/junjan.org\/wordpress\/wp-json\/wp\/v2\/tags?post=275"}],"curies":[{"name":"wp","href":"https:\/\/api.w.org\/{rel}","templated":true}]}}