{"id":278,"date":"2004-09-17T11:04:07","date_gmt":"2004-09-17T11:04:07","guid":{"rendered":"http:\/\/junjan.org\/wordpress\/?p=278"},"modified":"2020-11-26T23:48:49","modified_gmt":"2020-11-26T22:48:49","slug":"insensibilidad","status":"publish","type":"post","link":"https:\/\/junjan.org\/wordpress\/2004\/09\/insensibilidad\/","title":{"rendered":"\u00bfInsensibilidad?"},"content":{"rendered":"\n<p>La ya famosa campa\u00f1a publicitaria de El Pa\u00eds ha sido tratada desde todos los frentes, <a rel=\"noreferrer noopener\" href=\"http:\/\/www.ecuaderno.com\/archives\/000402.php\" target=\"_blank\">eCuaderno<\/a>, <a rel=\"noreferrer noopener\" href=\"http:\/\/barcepundit.blogspot.com\/2004\/09\/ms-sobre-el-anuncio-de-el-pas-jos-luis.html\" target=\"_blank\">Barcepundit<\/a>, <a rel=\"noreferrer noopener\" href=\"http:\/\/www.escolar.net\/MT\/archives\/001295.html\" target=\"_blank\">Escolar<\/a>, <a rel=\"noreferrer noopener\" href=\"http:\/\/www.escolar.net\/MT\/archives\/001295.html\" target=\"_blank\">Guerra eterna en Oriente medio<\/a>, <a rel=\"noreferrer noopener\" href=\"http:\/\/delavega.bitacoras.com\/weblog\/noticia.php?id=636\" target=\"_blank\">DelavegaBlog<\/a>, etc.<br>Si, es verdad, han usado unas im\u00e1genes de la torres gemelas durante el 11-S (antes y despu\u00e9s) diciendo:  <\/p>\n\n\n\n<blockquote class=\"wp-block-ugb-blockquote ugb-blockquote ugb-3fe661b ugb-blockquote--v3 ugb-blockquote--design-plain ugb-main-block\"><style>.ugb-3fe661b .ugb-blockquote__quote{width:70px !important;height:70px !important}<\/style><div class=\"ugb-inner-block\"><div class=\"ugb-block-content\"><div class=\"ugb-blockquote__item\"><svg viewbox=\"0 0 50 50\" xmlns=\"http:\/\/www.w3.org\/2000\/svg\" class=\"ugb-blockquote__quote\" width=\"70\" height=\"70\"><path d=\"M19.8 9.3C10.5 11.8 4.6 17 2.1 24.8c2.3-3.6 5.6-5.4 9.9-5.4 3.3 0 6 1.1 8.3 3.3 2.2 2.2 3.4 5 3.4 8.3 0 3.2-1.1 5.8-3.3 8-2.2 2.2-5.1 3.2-8.7 3.2-3.7 0-6.5-1.2-8.6-3.5C1 36.3 0 33.1 0 29 0 18.3 6.5 11.2 19.6 7.9l.2 1.4zm26.4 0C36.9 11.9 31 17 28.5 24.8c2.2-3.6 5.5-5.4 9.8-5.4 3.2 0 6 1.1 8.3 3.2 2.3 2.2 3.4 4.9 3.4 8.3 0 3.1-1.1 5.8-3.3 7.9-2.2 2.2-5.1 3.3-8.6 3.3-3.7 0-6.6-1.1-8.6-3.4-2.1-2.3-3.1-5.5-3.1-9.7 0-10.7 6.6-17.8 19.7-21.1l.1 1.4z\"><\/path><\/svg><div class=\"ugb-blockquote__content\"><p class=\"ugb-blockquote__text\">\u201cUn d\u00eda da para mucho. Imag\u00ednese lo que puede suceder en tres meses\u201d.<\/p><\/div><\/div><\/div><\/div><\/blockquote>\n\n\n\n<p>Si, tambi\u00e9n es verdad que es un anuncio bastante insensible. Si, tambi\u00e9n es verdad que han tardado \u201cun d\u00eda\u201d en <a rel=\"noreferrer noopener\" href=\"http:\/\/www.elpais.es\/articuloCompleto.html?xref=20040916elpepuopi_1&amp;type=Tes&amp;anchor=elpporopi\" target=\"_blank\">pedir perd\u00f3n<\/a>\u00ab. Pero de decir esto, a  rasgarse las vestiduras, echarse la ceniza por la cara, clamar por el <a rel=\"noreferrer noopener\" href=\"http:\/\/www.libertaddigital.com\/bitacora\/articulo.php?id=287\" target=\"_blank\">advenimiento del apocalipsis<\/a>, media un abismo.<br>No seamos idiotas. Las estrategias publicitarias de los servicios informativos de todas las televisiones han usado y usan todos los acontecimientos sangrientos de la actualidad. Nadie ha montado todo este esc\u00e1ndalo cuando se han emitido estos ya t\u00f3picos anuncios autopublicitarios donde salen el 11S, el 11M, bombazos varios en Irak y Palestina, ejecuciones en Arabia y China, etc, todo bajo el ep\u00edgrafe de \u201clos primeros en dar la noticia\u201d (queriendo decir, \u201cque somos los primeros en ense\u00f1arte la sangrecilla, que lo sepas\u201d) o similar.<br>Lo que pasa es que circula por Internet una doble moral que es bastante curiosa. Nadie se escandaliza cuando la Raz\u00f3n hace sus famoso fotomontajes \u201cen portada\u201d (y nunca han pedido perd\u00f3n), pero claro, El Pa\u00eds (esa cueva de comunistas disfrazados de progres) no puede tener errores (aunque los reconozcan). Venga ya.<br>Sobretodo, me han hecho mucha gracia estos comentarios de gentes de izquierda, llorando compungidos y diciendo \u201cno me esperaba esta insensibilidad de mi peri\u00f3dico, nunca voy a volver a leerlo, nunca nunca\u201d. Pero, \u00bfqu\u00e9 pasa?, \u00bfhan vuelto a reponer La Casa de la Pradera y yo no me he enterado? \u00bfPero qu\u00e9 quer\u00e9is? La han cagado y se han disculpado, eso ya es 300 % m\u00e1s de lo que habr\u00eda hecho cualquier otro medio de comunicaci\u00f3n.<\/p>\n","protected":false},"excerpt":{"rendered":"<p>La ya famosa campa\u00f1a publicitaria de El Pa\u00eds ha sido tratada desde todos los frentes, eCuaderno, Barcepundit, Escolar, Guerra eterna en Oriente medio, DelavegaBlog, etc.Si, es verdad, han usado unas im\u00e1genes de la torres gemelas durante el 11-S (antes y despu\u00e9s) diciendo: Si, tambi\u00e9n es verdad que es un anuncio bastante insensible. Si, tambi\u00e9n es&hellip;&nbsp;<a href=\"https:\/\/junjan.org\/wordpress\/2004\/09\/insensibilidad\/\" rel=\"bookmark\">Leer m\u00e1s &raquo;<span class=\"screen-reader-text\">\u00bfInsensibilidad?<\/span><\/a><\/p>\n","protected":false},"author":1,"featured_media":0,"comment_status":"open","ping_status":"open","sticky":false,"template":"","format":"standard","meta":{"neve_meta_sidebar":"","neve_meta_container":"","neve_meta_enable_content_width":"","neve_meta_content_width":0,"neve_meta_title_alignment":"","neve_meta_author_avatar":"","neve_post_elements_order":"","neve_meta_disable_header":"","neve_meta_disable_footer":"","neve_meta_disable_title":"","footnotes":""},"categories":[9],"tags":[],"class_list":["post-278","post","type-post","status-publish","format-standard","hentry","category-opinion"],"_links":{"self":[{"href":"https:\/\/junjan.org\/wordpress\/wp-json\/wp\/v2\/posts\/278","targetHints":{"allow":["GET"]}}],"collection":[{"href":"https:\/\/junjan.org\/wordpress\/wp-json\/wp\/v2\/posts"}],"about":[{"href":"https:\/\/junjan.org\/wordpress\/wp-json\/wp\/v2\/types\/post"}],"author":[{"embeddable":true,"href":"https:\/\/junjan.org\/wordpress\/wp-json\/wp\/v2\/users\/1"}],"replies":[{"embeddable":true,"href":"https:\/\/junjan.org\/wordpress\/wp-json\/wp\/v2\/comments?post=278"}],"version-history":[{"count":1,"href":"https:\/\/junjan.org\/wordpress\/wp-json\/wp\/v2\/posts\/278\/revisions"}],"predecessor-version":[{"id":2654,"href":"https:\/\/junjan.org\/wordpress\/wp-json\/wp\/v2\/posts\/278\/revisions\/2654"}],"wp:attachment":[{"href":"https:\/\/junjan.org\/wordpress\/wp-json\/wp\/v2\/media?parent=278"}],"wp:term":[{"taxonomy":"category","embeddable":true,"href":"https:\/\/junjan.org\/wordpress\/wp-json\/wp\/v2\/categories?post=278"},{"taxonomy":"post_tag","embeddable":true,"href":"https:\/\/junjan.org\/wordpress\/wp-json\/wp\/v2\/tags?post=278"}],"curies":[{"name":"wp","href":"https:\/\/api.w.org\/{rel}","templated":true}]}}