{"id":28,"date":"2004-03-05T12:06:50","date_gmt":"2004-03-05T12:06:50","guid":{"rendered":"http:\/\/junjan.org\/wordpress\/?p=28"},"modified":"2020-12-10T20:02:50","modified_gmt":"2020-12-10T19:02:50","slug":"digno_sucesor","status":"publish","type":"post","link":"https:\/\/junjan.org\/wordpress\/2004\/03\/digno_sucesor\/","title":{"rendered":"Digno Sucesor"},"content":{"rendered":"\n<p>Escrib\u00ed recientemente sobre el <a href=\"http:\/\/junjan.org\/wordpress\/2004\/01\/es_aznar_falangista\/\">pasado falangista de Jose Mar\u00eda Aznar<\/a>, y leyendo un art\u00edculo de Miguel Angel Aguilar en <a href=\"http:\/\/www.elpais.es\/\">El Pais<\/a> descubro lo siguiente:<\/p>\n\n\n\n<blockquote class=\"wp-block-ugb-blockquote ugb-blockquote ugb-d1fd66b ugb-blockquote--v3 ugb-blockquote--design-plain ugb-main-block\"><style>.ugb-d1fd66b .ugb-blockquote__quote{width:70px !important;height:70px !important}<\/style><div class=\"ugb-inner-block\"><div class=\"ugb-block-content\"><div class=\"ugb-blockquote__item\"><svg viewbox=\"0 0 50 50\" xmlns=\"http:\/\/www.w3.org\/2000\/svg\" class=\"ugb-blockquote__quote\" width=\"70\" height=\"70\"><path d=\"M19.8 9.3C10.5 11.8 4.6 17 2.1 24.8c2.3-3.6 5.6-5.4 9.9-5.4 3.3 0 6 1.1 8.3 3.3 2.2 2.2 3.4 5 3.4 8.3 0 3.2-1.1 5.8-3.3 8-2.2 2.2-5.1 3.2-8.7 3.2-3.7 0-6.5-1.2-8.6-3.5C1 36.3 0 33.1 0 29 0 18.3 6.5 11.2 19.6 7.9l.2 1.4zm26.4 0C36.9 11.9 31 17 28.5 24.8c2.2-3.6 5.5-5.4 9.8-5.4 3.2 0 6 1.1 8.3 3.2 2.3 2.2 3.4 4.9 3.4 8.3 0 3.1-1.1 5.8-3.3 7.9-2.2 2.2-5.1 3.3-8.6 3.3-3.7 0-6.6-1.1-8.6-3.4-2.1-2.3-3.1-5.5-3.1-9.7 0-10.7 6.6-17.8 19.7-21.1l.1 1.4z\"><\/path><\/svg><div class=\"ugb-blockquote__content\"><p class=\"ugb-blockquote__text\">\u00abLa pista viene de un buen amigo periodista que conoc\u00ed a trav\u00e9s de Francisco Cerecedo, del que s\u00f3lo mencionar\u00e9 sus iniciales GLdT, que me env\u00eda el n\u00famero 256 de la revista A Nosa Terra donde se glosan bajo el t\u00edtulo Todos os libros do Presidente Raxoi dos interesantes art\u00edculos del ahora candidato del PP a la presidencia del Gobierno publicados en El Faro de Vigo. El primero \u201cIgualdad Humana y Modelos de Sociedad\u201d est\u00e1 fechado el 3 de marzo de 1983, cuando el firmante era diputado de Alianza Popular en el Parlamento Aut\u00f3nomo de Galicia, concejal del Ayuntamiento de Pontevedra y miembro de la Diputaci\u00f3n Provincial. El segundo apareci\u00f3 en el mismo diario el 7 de julio de 1984, siendo ya Rajoy presidente de la Diputaci\u00f3n y se llamaba \u201cLa Envidia Igualitaria\u201d. Mariano Rajoy ten\u00eda entonces 28 a\u00f1os, se hab\u00eda licenciado en Derecho por la Universidad de Santiago de Compostela y hab\u00eda ganado la oposici\u00f3n de Registrador de la Propiedad\u00bb<\/p><\/div><\/div><\/div><\/div><\/blockquote>\n\n\n\n<p>Aqu\u00ed os pongo un fragmento de uno de estos art\u00edculos para que juzgu\u00e9is por vosotros mismos:<\/p>\n\n\n\n<blockquote class=\"wp-block-ugb-blockquote ugb-blockquote ugb-3dd4d52 ugb-blockquote--v3 ugb-blockquote--design-plain ugb-main-block\"><style>.ugb-3dd4d52 .ugb-blockquote__quote{width:70px !important;height:70px !important}<\/style><div class=\"ugb-inner-block\"><div class=\"ugb-block-content\"><div class=\"ugb-blockquote__item\"><svg viewbox=\"0 0 50 50\" xmlns=\"http:\/\/www.w3.org\/2000\/svg\" class=\"ugb-blockquote__quote\" width=\"70\" height=\"70\"><path d=\"M19.8 9.3C10.5 11.8 4.6 17 2.1 24.8c2.3-3.6 5.6-5.4 9.9-5.4 3.3 0 6 1.1 8.3 3.3 2.2 2.2 3.4 5 3.4 8.3 0 3.2-1.1 5.8-3.3 8-2.2 2.2-5.1 3.2-8.7 3.2-3.7 0-6.5-1.2-8.6-3.5C1 36.3 0 33.1 0 29 0 18.3 6.5 11.2 19.6 7.9l.2 1.4zm26.4 0C36.9 11.9 31 17 28.5 24.8c2.2-3.6 5.5-5.4 9.8-5.4 3.2 0 6 1.1 8.3 3.2 2.3 2.2 3.4 4.9 3.4 8.3 0 3.1-1.1 5.8-3.3 7.9-2.2 2.2-5.1 3.3-8.6 3.3-3.7 0-6.6-1.1-8.6-3.4-2.1-2.3-3.1-5.5-3.1-9.7 0-10.7 6.6-17.8 19.7-21.1l.1 1.4z\"><\/path><\/svg><div class=\"ugb-blockquote__content\"><p class=\"ugb-blockquote__text\">\u00abRecientemente, Luis Moure Mari\u00f1o ha publicado un excelente libro sobre la igualdad humana que parad\u00f3jicamente lleva por t\u00edtulo \u201cLa desigualdad humana\u201d. Y tal vez por ser un libro \u201cdesigual\u201d y no sumarse al coro general, no ha tenido en lo que ahora llaman \u201cmedios intelectuales\u201d el eco que merece. Creo que estamos ante uno de los libros m\u00e1s importantes que se han escrito en Espa\u00f1a en los \u00faltimos a\u00f1os. Constituye una prueba irrefutable de la falsedad de la afirmaci\u00f3n de que todos los hombres son iguales, de las doctrinas basadas en la misma y por ende de las normas que son consecuencia de ellas.<br>Ya en \u00e9pocas remotas \u2013existen en este sentido textos del siglo VI antes de Jesucristo- se afirmaba como verdad indiscutible, que la estirpe determina al hombre, tanto en lo f\u00edsico como en lo ps\u00edquico. Y estos conocimientos que el hombre ten\u00eda intuitivamente \u2013era un hecho objetivo que los hijos de \u201cbuena estirpe\u201d, superaban a los dem\u00e1s- han sido confirmados m\u00e1s adelante por la ciencia: desde que Mendel formulara sus famosas \u201cLeyes\u201d nadie pone ya en tela de juicio que el hombre es esencialmente desigual, no s\u00f3lo desde el momento del nacimiento sino desde el propio de la fecundaci\u00f3n.\u00bb<\/p><\/div><\/div><\/div><\/div><\/blockquote>\n\n\n\n<p>Ideas casposas apoyadas por conocimientos de nivel \u201cMuy interesante\u201d o \u201cReader\u2019s Digest\u201d. Que el candidato a futuro presidente de nuestro pais haya apoyado (y posiblemente apoye) modelos cient\u00edficos absurdos como el \u201cdeterminismo gen\u00e9tico\u201d denotan una falta de cultura pasmosa y una inclinaci\u00f3n fascistoide (por no decir neonazi) que me pone los pelos de punta. Pensar que si no hay un milagro electoral, vamos a tener a semejante individuo de presidente me entristece profundamente.<br>\u00bfC\u00f3mo puede ser que \u00e9ste pasado no salga a la luz? \u00bfCreeis que si cualquier otro candidato hubiera hecho algo similar no estar\u00eda todo en los telediarios dia y noche?<\/p>\n\n\n\n<p>Actualizaci\u00f3n. Aqu\u00ed os dejo las art\u00edculos completos:<\/p>\n\n\n\n<div class=\"wp-block-file\"><a href=\"https:\/\/junjan.org\/wordpress\/wp-content\/uploads\/2020\/12\/Rajoy.-Articulos-Faro-de-Vigo.-1983-84.pdf\">Rajoy.-Articulos-Faro-de-Vigo.-1983-84 (PDF)<\/a><a href=\"https:\/\/junjan.org\/wordpress\/wp-content\/uploads\/2020\/12\/Rajoy.-Articulos-Faro-de-Vigo.-1983-84.pdf\" class=\"wp-block-file__button\" download>Descarga<\/a><\/div>\n","protected":false},"excerpt":{"rendered":"<p>Escrib\u00ed recientemente sobre el pasado falangista de Jose Mar\u00eda Aznar, y leyendo un art\u00edculo de Miguel Angel Aguilar en El Pais descubro lo siguiente: Aqu\u00ed os pongo un fragmento de uno de estos art\u00edculos para que juzgu\u00e9is por vosotros mismos: Ideas casposas apoyadas por conocimientos de nivel \u201cMuy interesante\u201d o \u201cReader\u2019s Digest\u201d. Que el candidato&hellip;&nbsp;<a href=\"https:\/\/junjan.org\/wordpress\/2004\/03\/digno_sucesor\/\" rel=\"bookmark\">Leer m\u00e1s &raquo;<span class=\"screen-reader-text\">Digno Sucesor<\/span><\/a><\/p>\n","protected":false},"author":1,"featured_media":0,"comment_status":"open","ping_status":"open","sticky":false,"template":"","format":"standard","meta":{"neve_meta_sidebar":"","neve_meta_container":"","neve_meta_enable_content_width":"","neve_meta_content_width":0,"neve_meta_title_alignment":"","neve_meta_author_avatar":"","neve_post_elements_order":"","neve_meta_disable_header":"","neve_meta_disable_footer":"","neve_meta_disable_title":"","footnotes":""},"categories":[8],"tags":[972,507,660],"class_list":["post-28","post","type-post","status-publish","format-standard","hentry","category-historia","tag-mariano-rajoy","tag-pp","tag-racismo"],"_links":{"self":[{"href":"https:\/\/junjan.org\/wordpress\/wp-json\/wp\/v2\/posts\/28","targetHints":{"allow":["GET"]}}],"collection":[{"href":"https:\/\/junjan.org\/wordpress\/wp-json\/wp\/v2\/posts"}],"about":[{"href":"https:\/\/junjan.org\/wordpress\/wp-json\/wp\/v2\/types\/post"}],"author":[{"embeddable":true,"href":"https:\/\/junjan.org\/wordpress\/wp-json\/wp\/v2\/users\/1"}],"replies":[{"embeddable":true,"href":"https:\/\/junjan.org\/wordpress\/wp-json\/wp\/v2\/comments?post=28"}],"version-history":[{"count":4,"href":"https:\/\/junjan.org\/wordpress\/wp-json\/wp\/v2\/posts\/28\/revisions"}],"predecessor-version":[{"id":2688,"href":"https:\/\/junjan.org\/wordpress\/wp-json\/wp\/v2\/posts\/28\/revisions\/2688"}],"wp:attachment":[{"href":"https:\/\/junjan.org\/wordpress\/wp-json\/wp\/v2\/media?parent=28"}],"wp:term":[{"taxonomy":"category","embeddable":true,"href":"https:\/\/junjan.org\/wordpress\/wp-json\/wp\/v2\/categories?post=28"},{"taxonomy":"post_tag","embeddable":true,"href":"https:\/\/junjan.org\/wordpress\/wp-json\/wp\/v2\/tags?post=28"}],"curies":[{"name":"wp","href":"https:\/\/api.w.org\/{rel}","templated":true}]}}