{"id":285,"date":"2004-09-22T12:03:58","date_gmt":"2004-09-22T12:03:58","guid":{"rendered":"http:\/\/junjan.org\/wordpress\/?p=285"},"modified":"2004-09-22T12:03:58","modified_gmt":"2004-09-22T12:03:58","slug":"otra_fuerza","status":"publish","type":"post","link":"https:\/\/junjan.org\/wordpress\/2004\/09\/otra_fuerza\/","title":{"rendered":"Otra fuerza"},"content":{"rendered":"<p>**\u00bbLa seguridad y la paz solo se extender\u00e1n con la fuerza de las Naciones Unidas, la fuerza de la legalidad internacional, la fuerza de los derechos humanos, la fuerza de la democracia, de los hombres sometidos a las leyes, de la igualdad, de la igualdad de las mujeres y los hombres, de la igualdad en las oportunidades se nazca donde se nazca. La fuerza frente a quienes manipulan o quieren imponer cualquier religi\u00f3n o creencia. La fuerza de la educaci\u00f3n y la cultura. La cultura es siempre paz. Consigamos que la percepci\u00f3n del otro este te\u00f1ida de respeto. La fuerza del di\u00e1logo entre los pueblos.**<br \/>\n**Por eso, como representante de un pa\u00eds creado y enriquecido por culturas diversas, quiero proponer ante esta asamblea una Alianza de Civilizaciones entre el mundo occidental y el mundo \u00e1rabe y musulm\u00e1n. Cay\u00f3 un muro. Debemos evitar ahora que el odio y la incomprensi\u00f3n levanten otro. Espa\u00f1a somete al Secretario General, cuya labor al frente de la Organizaci\u00f3n apoya con firmeza, la posibilidad de constituir un Grupo de Alto Nivel para llevar a cabo esta iniciativa.\u00bb**<br \/>\n_Jos\u00e9 Luis Rodr\u00edguez Zapatero_ en su Discurso ante la Asamblea General de la ONU, Nueva York, 21 de Septiembre de 2004. \u00abVer discurso completo.\u00bb:http:\/\/www.la-moncloa.es\/web\/asp\/muestraDoc.asp?Codigo=p2109041<\/p>\n","protected":false},"excerpt":{"rendered":"<p>**\u00bbLa seguridad y la paz solo se extender\u00e1n con la fuerza de las Naciones Unidas, la fuerza de la legalidad internacional, la fuerza de los derechos humanos, la fuerza de la democracia, de los hombres sometidos a las leyes, de la igualdad, de la igualdad de las mujeres y los hombres, de la igualdad en&hellip;&nbsp;<a href=\"https:\/\/junjan.org\/wordpress\/2004\/09\/otra_fuerza\/\" rel=\"bookmark\">Leer m\u00e1s &raquo;<span class=\"screen-reader-text\">Otra fuerza<\/span><\/a><\/p>\n","protected":false},"author":1,"featured_media":0,"comment_status":"open","ping_status":"open","sticky":false,"template":"","format":"standard","meta":{"neve_meta_sidebar":"","neve_meta_container":"","neve_meta_enable_content_width":"","neve_meta_content_width":0,"neve_meta_title_alignment":"","neve_meta_author_avatar":"","neve_post_elements_order":"","neve_meta_disable_header":"","neve_meta_disable_footer":"","neve_meta_disable_title":"","footnotes":""},"categories":[32],"tags":[],"class_list":["post-285","post","type-post","status-publish","format-standard","hentry","category-frases"],"_links":{"self":[{"href":"https:\/\/junjan.org\/wordpress\/wp-json\/wp\/v2\/posts\/285","targetHints":{"allow":["GET"]}}],"collection":[{"href":"https:\/\/junjan.org\/wordpress\/wp-json\/wp\/v2\/posts"}],"about":[{"href":"https:\/\/junjan.org\/wordpress\/wp-json\/wp\/v2\/types\/post"}],"author":[{"embeddable":true,"href":"https:\/\/junjan.org\/wordpress\/wp-json\/wp\/v2\/users\/1"}],"replies":[{"embeddable":true,"href":"https:\/\/junjan.org\/wordpress\/wp-json\/wp\/v2\/comments?post=285"}],"version-history":[{"count":0,"href":"https:\/\/junjan.org\/wordpress\/wp-json\/wp\/v2\/posts\/285\/revisions"}],"wp:attachment":[{"href":"https:\/\/junjan.org\/wordpress\/wp-json\/wp\/v2\/media?parent=285"}],"wp:term":[{"taxonomy":"category","embeddable":true,"href":"https:\/\/junjan.org\/wordpress\/wp-json\/wp\/v2\/categories?post=285"},{"taxonomy":"post_tag","embeddable":true,"href":"https:\/\/junjan.org\/wordpress\/wp-json\/wp\/v2\/tags?post=285"}],"curies":[{"name":"wp","href":"https:\/\/api.w.org\/{rel}","templated":true}]}}