{"id":288,"date":"2004-09-23T13:22:34","date_gmt":"2004-09-23T13:22:34","guid":{"rendered":"http:\/\/junjan.org\/wordpress\/?p=288"},"modified":"2004-09-23T13:22:34","modified_gmt":"2004-09-23T13:22:34","slug":"quin_secuestr_a_simona_torrett","status":"publish","type":"post","link":"https:\/\/junjan.org\/wordpress\/2004\/09\/quin_secuestr_a_simona_torrett\/","title":{"rendered":"\u00bfQui\u00e9n secuestr\u00f3 a Simona Torretta?"},"content":{"rendered":"<p>Esta es la pregunta que se hacen Naomi Klein y Jeremy Scahill en \u00ab[\u00abNologo\u00bb:http:\/\/www.nologo.org\/newsite\/detaild.php?ID=412]\u00bb.  (Tambi\u00e9n en \u00ab[\u00abThe Guardian\u00bb:http:\/\/www.guardian.co.uk\/comment\/story\/0,3604,1305523,00.html]\u00bb).<\/p>\n<div class=\"citation\">\nNo hay nada en este secuestro que encaje en el patr\u00f3n de otras abducciones. La mayor\u00eda han sido ataques oportunistas en peligrosos trechos de la carretera. To-rretta y sus colegas fueron fr\u00edamente cazados en su casa. Y mientras que los mujaidines escrupulosamente esconden sus identidades y se cercioran de cubrir sus caras con bufandas, estos secuestradores estaban destapados y bien rasurados, algunos en trajes de negocios. A uno de los asaltantes le llamaron \u00abse\u00f1or\u00bb. (&#8230;)<br \/>\nEl lunes, la prensa italiana comenz\u00f3 a informar sobre una posible respuesta. El jeque Abdul Salam Kubaisi, de la principal organizaci\u00f3n clerical sunita en Irak, dijo a los reporteros en Bagdad que recibi\u00f3 una visita de Torretta y Pari un d\u00eda antes del secuestro. \u00abEstaban asustados\u00bb, dijo el cl\u00e9rigo. \u00abMe dijeron que alguien los estaba amenazando\u00bb. Cuando se le pregunt\u00f3 que qui\u00e9n cre\u00eda que estaba detr\u00e1s de las amenazas, Kubaisi respondi\u00f3: \u00abSospechamos de cierta inteligencia extranjera\u00bb.<br \/>\nEcharle la culpa a la CIA o a conspiraciones del Mossad de los ataques de resistencia que no son populares es mera habladur\u00eda en Bagdad, pero viniendo de Kubeisi, la afirmaci\u00f3n tiene una carga inusual; \u00e9l tiene ligas con un amplio espectro de grupos de resistencia y ha negociado la liberaci\u00f3n de varios rehenes. Las afirmaciones de Kubaisi son ampliamente difundidas en los medios \u00e1rabes, as\u00ed como en Italia, pero est\u00e1n ausentes de la prensa angloparlante.\n<\/div>\n","protected":false},"excerpt":{"rendered":"<p>Esta es la pregunta que se hacen Naomi Klein y Jeremy Scahill en \u00ab[\u00abNologo\u00bb:http:\/\/www.nologo.org\/newsite\/detaild.php?ID=412]\u00bb. (Tambi\u00e9n en \u00ab[\u00abThe Guardian\u00bb:http:\/\/www.guardian.co.uk\/comment\/story\/0,3604,1305523,00.html]\u00bb). No hay nada en este secuestro que encaje en el patr\u00f3n de otras abducciones. La mayor\u00eda han sido ataques oportunistas en peligrosos trechos de la carretera. To-rretta y sus colegas fueron fr\u00edamente cazados en su casa. Y&hellip;&nbsp;<a href=\"https:\/\/junjan.org\/wordpress\/2004\/09\/quin_secuestr_a_simona_torrett\/\" rel=\"bookmark\">Leer m\u00e1s &raquo;<span class=\"screen-reader-text\">\u00bfQui\u00e9n secuestr\u00f3 a Simona Torretta?<\/span><\/a><\/p>\n","protected":false},"author":1,"featured_media":0,"comment_status":"open","ping_status":"open","sticky":false,"template":"","format":"standard","meta":{"neve_meta_sidebar":"","neve_meta_container":"","neve_meta_enable_content_width":"","neve_meta_content_width":0,"neve_meta_title_alignment":"","neve_meta_author_avatar":"","neve_post_elements_order":"","neve_meta_disable_header":"","neve_meta_disable_footer":"","neve_meta_disable_title":"","footnotes":""},"categories":[5],"tags":[],"class_list":["post-288","post","type-post","status-publish","format-standard","hentry","category-actualidad"],"_links":{"self":[{"href":"https:\/\/junjan.org\/wordpress\/wp-json\/wp\/v2\/posts\/288","targetHints":{"allow":["GET"]}}],"collection":[{"href":"https:\/\/junjan.org\/wordpress\/wp-json\/wp\/v2\/posts"}],"about":[{"href":"https:\/\/junjan.org\/wordpress\/wp-json\/wp\/v2\/types\/post"}],"author":[{"embeddable":true,"href":"https:\/\/junjan.org\/wordpress\/wp-json\/wp\/v2\/users\/1"}],"replies":[{"embeddable":true,"href":"https:\/\/junjan.org\/wordpress\/wp-json\/wp\/v2\/comments?post=288"}],"version-history":[{"count":0,"href":"https:\/\/junjan.org\/wordpress\/wp-json\/wp\/v2\/posts\/288\/revisions"}],"wp:attachment":[{"href":"https:\/\/junjan.org\/wordpress\/wp-json\/wp\/v2\/media?parent=288"}],"wp:term":[{"taxonomy":"category","embeddable":true,"href":"https:\/\/junjan.org\/wordpress\/wp-json\/wp\/v2\/categories?post=288"},{"taxonomy":"post_tag","embeddable":true,"href":"https:\/\/junjan.org\/wordpress\/wp-json\/wp\/v2\/tags?post=288"}],"curies":[{"name":"wp","href":"https:\/\/api.w.org\/{rel}","templated":true}]}}