{"id":289,"date":"2004-09-23T19:45:17","date_gmt":"2004-09-23T19:45:17","guid":{"rendered":"http:\/\/junjan.org\/wordpress\/?p=289"},"modified":"2004-09-23T19:45:17","modified_gmt":"2004-09-23T19:45:17","slug":"alucinaciones_liberales","status":"publish","type":"post","link":"https:\/\/junjan.org\/wordpress\/2004\/09\/alucinaciones_liberales\/","title":{"rendered":"Alucinaciones liberales"},"content":{"rendered":"<p>Lo voy a confesar, he vuelto a leer \u00ab[\u00abLibertad Digital\u00bb:http:\/\/www.libertaddigital.com\/opiniones\/opi_desa_20628.html]\u00bb. Si, ya se que es altamente perjudicial para la salud mental y f\u00edsica, pero me gusta saber lo que ronda por las zonas oscuras del pensamiento.<br \/>\nTienen una secci\u00f3n especialmente edificante, llamada \u00abDi\u00e1logos  en Libertad\u00bb. Rinc\u00f3n donde Federico Jim\u00e9nez Losantos \u00abin person\u00bb y C\u00e9sar Vidal \u00abin person too\u00bb, contestan a preguntas de los internautas m\u00e1s recalcitrantes. En su \u00faltima charla, FJL dijo esto que pongo a continuaci\u00f3n:<\/p>\n<div class=\"citation\">\nPregunta: \u00bfCree que alg\u00fan miembro del PSOE ten\u00eda alguna informaci\u00f3n sobre lo que iba a ocurrir el 11-M antes de esta fecha?.<br \/>\nRespuesta: Seg\u00fan han dicho ellos mismos, desde la noche del 11-M, Moratinos y Rubalcaba y Zapatero, y no s\u00e9 cu\u00e1ntos m\u00e1s. Ninguno le dio esos datos al Gobierno leg\u00edtimo de Espa\u00f1a. Esa mancha la llevar\u00e1n siempre encima, no me atrevo a decir sobre su conciencia, porque no s\u00e9 si todos tienen.\n<\/div>\n<p>**Criaturita**&#8230;<\/p>\n","protected":false},"excerpt":{"rendered":"<p>Lo voy a confesar, he vuelto a leer \u00ab[\u00abLibertad Digital\u00bb:http:\/\/www.libertaddigital.com\/opiniones\/opi_desa_20628.html]\u00bb. Si, ya se que es altamente perjudicial para la salud mental y f\u00edsica, pero me gusta saber lo que ronda por las zonas oscuras del pensamiento. Tienen una secci\u00f3n especialmente edificante, llamada \u00abDi\u00e1logos en Libertad\u00bb. Rinc\u00f3n donde Federico Jim\u00e9nez Losantos \u00abin person\u00bb y C\u00e9sar Vidal&hellip;&nbsp;<a href=\"https:\/\/junjan.org\/wordpress\/2004\/09\/alucinaciones_liberales\/\" rel=\"bookmark\">Leer m\u00e1s &raquo;<span class=\"screen-reader-text\">Alucinaciones liberales<\/span><\/a><\/p>\n","protected":false},"author":1,"featured_media":0,"comment_status":"open","ping_status":"open","sticky":false,"template":"","format":"standard","meta":{"neve_meta_sidebar":"","neve_meta_container":"","neve_meta_enable_content_width":"","neve_meta_content_width":0,"neve_meta_title_alignment":"","neve_meta_author_avatar":"","neve_post_elements_order":"","neve_meta_disable_header":"","neve_meta_disable_footer":"","neve_meta_disable_title":"","footnotes":""},"categories":[24],"tags":[],"class_list":["post-289","post","type-post","status-publish","format-standard","hentry","category-humor"],"_links":{"self":[{"href":"https:\/\/junjan.org\/wordpress\/wp-json\/wp\/v2\/posts\/289","targetHints":{"allow":["GET"]}}],"collection":[{"href":"https:\/\/junjan.org\/wordpress\/wp-json\/wp\/v2\/posts"}],"about":[{"href":"https:\/\/junjan.org\/wordpress\/wp-json\/wp\/v2\/types\/post"}],"author":[{"embeddable":true,"href":"https:\/\/junjan.org\/wordpress\/wp-json\/wp\/v2\/users\/1"}],"replies":[{"embeddable":true,"href":"https:\/\/junjan.org\/wordpress\/wp-json\/wp\/v2\/comments?post=289"}],"version-history":[{"count":0,"href":"https:\/\/junjan.org\/wordpress\/wp-json\/wp\/v2\/posts\/289\/revisions"}],"wp:attachment":[{"href":"https:\/\/junjan.org\/wordpress\/wp-json\/wp\/v2\/media?parent=289"}],"wp:term":[{"taxonomy":"category","embeddable":true,"href":"https:\/\/junjan.org\/wordpress\/wp-json\/wp\/v2\/categories?post=289"},{"taxonomy":"post_tag","embeddable":true,"href":"https:\/\/junjan.org\/wordpress\/wp-json\/wp\/v2\/tags?post=289"}],"curies":[{"name":"wp","href":"https:\/\/api.w.org\/{rel}","templated":true}]}}