{"id":29,"date":"2004-03-09T14:50:44","date_gmt":"2004-03-09T14:50:44","guid":{"rendered":"http:\/\/junjan.org\/wordpress\/?p=29"},"modified":"2004-03-09T14:50:44","modified_gmt":"2004-03-09T14:50:44","slug":"hay_motivo","status":"publish","type":"post","link":"https:\/\/junjan.org\/wordpress\/2004\/03\/hay_motivo\/","title":{"rendered":"Hay Motivo"},"content":{"rendered":"<p>El mundo del cine ha decidido no dejarse amilanar por el ambiente de censura y servilismo de los medios audiovisuales y contraataca al PP, denunciando en im\u00e1genes los 8 a\u00f1os de ultraderecha.<br \/>\n32 directores espa\u00f1oles han realizado 32 cortometrajes de 3 minutos cada uno donde exponen una visi\u00f3n realista y descarnada de la sociedad espa\u00f1ola, de las mentiras del PP, de la precariedad social, del desastre del Pestrige, de la guerra de Irak, la iglesia&#8230;<br \/>\n<a href=\"http:\/\/www.haymotivo.com\/index.html\">Hay motivo!<\/a><br \/>\n<a href=\"http:\/\/www.elpais.es\/comunes\/2004\/haymotivo\/\">Los cortos en El Pais<\/a> o en <a href=\"http:\/\/www.elmundo.es\/fotografia\/2004\/02\/hay_motivo3\/\">El Mundo<\/a>.<br \/>\n\u00bfSaldr\u00e1n alguna vez en TVE si gana el PP? Localia TV lo va a emitir esta semana y se va a proyectar en varias universidades.<\/p>\n","protected":false},"excerpt":{"rendered":"<p>El mundo del cine ha decidido no dejarse amilanar por el ambiente de censura y servilismo de los medios audiovisuales y contraataca al PP, denunciando en im\u00e1genes los 8 a\u00f1os de ultraderecha. 32 directores espa\u00f1oles han realizado 32 cortometrajes de 3 minutos cada uno donde exponen una visi\u00f3n realista y descarnada de la sociedad espa\u00f1ola,&hellip;&nbsp;<a href=\"https:\/\/junjan.org\/wordpress\/2004\/03\/hay_motivo\/\" rel=\"bookmark\">Leer m\u00e1s &raquo;<span class=\"screen-reader-text\">Hay Motivo<\/span><\/a><\/p>\n","protected":false},"author":1,"featured_media":0,"comment_status":"open","ping_status":"open","sticky":false,"template":"","format":"standard","meta":{"neve_meta_sidebar":"","neve_meta_container":"","neve_meta_enable_content_width":"","neve_meta_content_width":0,"neve_meta_title_alignment":"","neve_meta_author_avatar":"","neve_post_elements_order":"","neve_meta_disable_header":"","neve_meta_disable_footer":"","neve_meta_disable_title":"","footnotes":""},"categories":[5],"tags":[17],"class_list":["post-29","post","type-post","status-publish","format-standard","hentry","category-actualidad","tag-documentales"],"_links":{"self":[{"href":"https:\/\/junjan.org\/wordpress\/wp-json\/wp\/v2\/posts\/29","targetHints":{"allow":["GET"]}}],"collection":[{"href":"https:\/\/junjan.org\/wordpress\/wp-json\/wp\/v2\/posts"}],"about":[{"href":"https:\/\/junjan.org\/wordpress\/wp-json\/wp\/v2\/types\/post"}],"author":[{"embeddable":true,"href":"https:\/\/junjan.org\/wordpress\/wp-json\/wp\/v2\/users\/1"}],"replies":[{"embeddable":true,"href":"https:\/\/junjan.org\/wordpress\/wp-json\/wp\/v2\/comments?post=29"}],"version-history":[{"count":0,"href":"https:\/\/junjan.org\/wordpress\/wp-json\/wp\/v2\/posts\/29\/revisions"}],"wp:attachment":[{"href":"https:\/\/junjan.org\/wordpress\/wp-json\/wp\/v2\/media?parent=29"}],"wp:term":[{"taxonomy":"category","embeddable":true,"href":"https:\/\/junjan.org\/wordpress\/wp-json\/wp\/v2\/categories?post=29"},{"taxonomy":"post_tag","embeddable":true,"href":"https:\/\/junjan.org\/wordpress\/wp-json\/wp\/v2\/tags?post=29"}],"curies":[{"name":"wp","href":"https:\/\/api.w.org\/{rel}","templated":true}]}}