{"id":293,"date":"2004-09-28T13:14:53","date_gmt":"2004-09-28T13:14:53","guid":{"rendered":"http:\/\/junjan.org\/wordpress\/?p=293"},"modified":"2004-09-28T13:14:53","modified_gmt":"2004-09-28T13:14:53","slug":"quiero_y_no_puedo","status":"publish","type":"post","link":"https:\/\/junjan.org\/wordpress\/2004\/09\/quiero_y_no_puedo\/","title":{"rendered":"Quiero y no puedo"},"content":{"rendered":"<p>La pol\u00e9mica sobre la asignatura de religi\u00f3n se ha quedado en tablas, en un \u201cquiero y no puedo\u201d. El gobierno en su af\u00e1n por satisfacer a unos, sin \u201cofender\u201d a otros, se ha quedado en un extra\u00f1o t\u00e9rmino medio que no satisface a quienes queremos la religi\u00f3n fuera de las escuelas y que ofende a los que quieren el crucifijo y el escapulario hasta en la sopa. Una oportunidad perdida para eliminar definitivamente el anacronismo de la asignatura de religi\u00f3n y todo lo que significa. No me sorprende que los \u00ab\u00faltimos de Filipinas\u00bb:http:\/\/www.abc.es\/abc\/pg040928\/prensa\/noticias\/Opinion\/Editoriales\/200409\/28\/NAC-OPI-012.asp pongan el grito en el cielo, pero me asombra que los fieles no pongan ninguna pega, El Pa\u00eds dice:<\/p>\n<div class=\"citation\">\n\u00abTras un rodeo excesivo, se intenta volver a un planteamiento de reforma moderada que responda a esos problemas sin resucitar artificialmente problemas ya resueltos en la sociedad espa\u00f1ola\u00bb.\n<\/div>\n<p>\u00bfC\u00f3mo que sin resucitar? \u00bfC\u00f3mo que resuelto?<br \/>\nNada est\u00e1 resuelto. Espa\u00f1a, sigue manteniendo un bochornoso y anacr\u00f3nico acuerdo con la Iglesia Cat\u00f3lica, financi\u00e1ndola, libr\u00e1ndola de impuestos y usando sus s\u00edmbolos y rituales en todas las ceremonias de nuestro estado.<br \/>\nY el ABC dice que hay una \u00abobsesi\u00f3n laicista\u00bb. \u00a1Venga ya! Un poco de seriedad.<br \/>\n**\u00a1Estado laico de verdad ya!**<\/p>\n","protected":false},"excerpt":{"rendered":"<p>La pol\u00e9mica sobre la asignatura de religi\u00f3n se ha quedado en tablas, en un \u201cquiero y no puedo\u201d. El gobierno en su af\u00e1n por satisfacer a unos, sin \u201cofender\u201d a otros, se ha quedado en un extra\u00f1o t\u00e9rmino medio que no satisface a quienes queremos la religi\u00f3n fuera de las escuelas y que ofende a&hellip;&nbsp;<a href=\"https:\/\/junjan.org\/wordpress\/2004\/09\/quiero_y_no_puedo\/\" rel=\"bookmark\">Leer m\u00e1s &raquo;<span class=\"screen-reader-text\">Quiero y no puedo<\/span><\/a><\/p>\n","protected":false},"author":1,"featured_media":0,"comment_status":"open","ping_status":"open","sticky":false,"template":"","format":"standard","meta":{"neve_meta_sidebar":"","neve_meta_container":"","neve_meta_enable_content_width":"","neve_meta_content_width":0,"neve_meta_title_alignment":"","neve_meta_author_avatar":"","neve_post_elements_order":"","neve_meta_disable_header":"","neve_meta_disable_footer":"","neve_meta_disable_title":"","footnotes":""},"categories":[9],"tags":[],"class_list":["post-293","post","type-post","status-publish","format-standard","hentry","category-opinion"],"_links":{"self":[{"href":"https:\/\/junjan.org\/wordpress\/wp-json\/wp\/v2\/posts\/293","targetHints":{"allow":["GET"]}}],"collection":[{"href":"https:\/\/junjan.org\/wordpress\/wp-json\/wp\/v2\/posts"}],"about":[{"href":"https:\/\/junjan.org\/wordpress\/wp-json\/wp\/v2\/types\/post"}],"author":[{"embeddable":true,"href":"https:\/\/junjan.org\/wordpress\/wp-json\/wp\/v2\/users\/1"}],"replies":[{"embeddable":true,"href":"https:\/\/junjan.org\/wordpress\/wp-json\/wp\/v2\/comments?post=293"}],"version-history":[{"count":0,"href":"https:\/\/junjan.org\/wordpress\/wp-json\/wp\/v2\/posts\/293\/revisions"}],"wp:attachment":[{"href":"https:\/\/junjan.org\/wordpress\/wp-json\/wp\/v2\/media?parent=293"}],"wp:term":[{"taxonomy":"category","embeddable":true,"href":"https:\/\/junjan.org\/wordpress\/wp-json\/wp\/v2\/categories?post=293"},{"taxonomy":"post_tag","embeddable":true,"href":"https:\/\/junjan.org\/wordpress\/wp-json\/wp\/v2\/tags?post=293"}],"curies":[{"name":"wp","href":"https:\/\/api.w.org\/{rel}","templated":true}]}}