{"id":295,"date":"2004-09-29T11:28:10","date_gmt":"2004-09-29T11:28:10","guid":{"rendered":"http:\/\/junjan.org\/wordpress\/?p=295"},"modified":"2021-02-24T14:35:15","modified_gmt":"2021-02-24T13:35:15","slug":"periodismo_fantasma","status":"publish","type":"post","link":"https:\/\/junjan.org\/wordpress\/2004\/09\/periodismo_fantasma\/","title":{"rendered":"Periodismo fantasma"},"content":{"rendered":"\n<p>Daniel Gavela (director general de la cadena SER) ha escrito hoy un muy interesante art\u00edculo en El Pa\u00eds, titulado <a href=\"https:\/\/elpais.com\/diario\/2004\/09\/29\/espana\/1096408811_850215.html\" data-type=\"URL\" data-id=\"https:\/\/elpais.com\/diario\/2004\/09\/29\/espana\/1096408811_850215.html\" target=\"_blank\" rel=\"noreferrer noopener\">Enredados en los bigotes de Dal\u00ed<\/a>: <\/p>\n\n\n\n<blockquote class=\"wp-block-quote is-layout-flow wp-block-quote-is-layout-flow\"><p>\u00abEl comportamiento de los medios afines al PP y su fracaso en el manejo de la opini\u00f3n p\u00fablica ha merecido la atenci\u00f3n de Umberto Eco, quien vio confirmada en Espa\u00f1a su teor\u00eda sobre la guerrilla semiol\u00f3gica. Especulaba Eco en 1973 sobre la capacidad del p\u00fablico para leer los mensajes de la televisi\u00f3n de forma independiente a su literalidad. \u00abEs lo que sucedi\u00f3 en Espa\u00f1a\u00bb, sostiene el escritor italiano. \u00abLos mensajes gubernamentales dec\u00edan, &#8216;creednos, es ETA&#8217;, pero precisamente por la insistencia y la perentoriedad de los mensajes, la mayor parte de los ciudadanos sospecharon que pod\u00eda ser Al Qaeda\u00bb. De nada sirve en casos como \u00e9ste controlar los medios, porque el efecto guerrilla semiol\u00f3gica no act\u00faa sobre el emitente (el medio) sino sobre el receptor, auxiliado en esta ocasi\u00f3n por los SMS y la comunicaci\u00f3n en red.<br>Por todo ello la cuesti\u00f3n period\u00edstica relevante en relaci\u00f3n con el 11-M no es preguntarse por lo que la SER hizo, junto a un contado n\u00famero de peri\u00f3dicos espa\u00f1oles (todo fue distinto fuera de Espa\u00f1a), lo relevante es lo que otros medios hicieron y lo que silenciaron. Resulta dif\u00edcil de creer que redacciones tan potentes como las que existen en Madrid no descubrieran lo que de verdad estaba pasando, a nada que se interesaran por investigar la identidad de los asesinos. (&#8230;)<br>Es probable que con el paso de los meses el PP se abra a la idea de que ni reescribiendo el pasado ni false\u00e1ndolo se llega a parte alguna, y que el recurso al enemigo exterior sirve para cauterizar las heridas del n\u00facleo duro, pero para gobernar hay que mirar al futuro y al centro, y enterrar los fantasmas del pasado. Pero hay que abandonar toda esperanza respecto a cierta prensa y a cierta radio: seguir\u00e1n entregados por mucho tiempo a la pr\u00e1ctica del m\u00e9todo paranoico-cr\u00edtico que fascinaba a Dal\u00ed y que, este a\u00f1o del centenario del pintor, ha alumbrado una nueva forma de periodismo: el periodismo fantasma. Un g\u00e9nero en el que cohabitan incestuosamente todos los demonios patrios de la Espa\u00f1a m\u00e1s rancia: ETA, la masoner\u00eda francesa, el moro en general, los servicios secretos marroqu\u00edes en particular, los n\u00facleos residuales de la resistencia felipista en la Guardia Civil, y c\u00f3mo no, este peri\u00f3dico y la SER.\u00bb<\/p><\/blockquote>\n","protected":false},"excerpt":{"rendered":"<p>Daniel Gavela (director general de la cadena SER) ha escrito hoy un muy interesante art\u00edculo en El Pa\u00eds, titulado Enredados en los bigotes de Dal\u00ed: \u00abEl comportamiento de los medios afines al PP y su fracaso en el manejo de la opini\u00f3n p\u00fablica ha merecido la atenci\u00f3n de Umberto Eco, quien vio confirmada en Espa\u00f1a&hellip;&nbsp;<a href=\"https:\/\/junjan.org\/wordpress\/2004\/09\/periodismo_fantasma\/\" rel=\"bookmark\">Leer m\u00e1s &raquo;<span class=\"screen-reader-text\">Periodismo fantasma<\/span><\/a><\/p>\n","protected":false},"author":1,"featured_media":0,"comment_status":"open","ping_status":"open","sticky":false,"template":"","format":"standard","meta":{"neve_meta_sidebar":"","neve_meta_container":"","neve_meta_enable_content_width":"","neve_meta_content_width":0,"neve_meta_title_alignment":"","neve_meta_author_avatar":"","neve_post_elements_order":"","neve_meta_disable_header":"","neve_meta_disable_footer":"","neve_meta_disable_title":"","footnotes":""},"categories":[5],"tags":[],"class_list":["post-295","post","type-post","status-publish","format-standard","hentry","category-actualidad"],"_links":{"self":[{"href":"https:\/\/junjan.org\/wordpress\/wp-json\/wp\/v2\/posts\/295","targetHints":{"allow":["GET"]}}],"collection":[{"href":"https:\/\/junjan.org\/wordpress\/wp-json\/wp\/v2\/posts"}],"about":[{"href":"https:\/\/junjan.org\/wordpress\/wp-json\/wp\/v2\/types\/post"}],"author":[{"embeddable":true,"href":"https:\/\/junjan.org\/wordpress\/wp-json\/wp\/v2\/users\/1"}],"replies":[{"embeddable":true,"href":"https:\/\/junjan.org\/wordpress\/wp-json\/wp\/v2\/comments?post=295"}],"version-history":[{"count":1,"href":"https:\/\/junjan.org\/wordpress\/wp-json\/wp\/v2\/posts\/295\/revisions"}],"predecessor-version":[{"id":2703,"href":"https:\/\/junjan.org\/wordpress\/wp-json\/wp\/v2\/posts\/295\/revisions\/2703"}],"wp:attachment":[{"href":"https:\/\/junjan.org\/wordpress\/wp-json\/wp\/v2\/media?parent=295"}],"wp:term":[{"taxonomy":"category","embeddable":true,"href":"https:\/\/junjan.org\/wordpress\/wp-json\/wp\/v2\/categories?post=295"},{"taxonomy":"post_tag","embeddable":true,"href":"https:\/\/junjan.org\/wordpress\/wp-json\/wp\/v2\/tags?post=295"}],"curies":[{"name":"wp","href":"https:\/\/api.w.org\/{rel}","templated":true}]}}