{"id":296,"date":"2004-09-29T12:09:14","date_gmt":"2004-09-29T12:09:14","guid":{"rendered":"http:\/\/junjan.org\/wordpress\/?p=296"},"modified":"2004-09-29T12:09:14","modified_gmt":"2004-09-29T12:09:14","slug":"fantasa","status":"publish","type":"post","link":"https:\/\/junjan.org\/wordpress\/2004\/09\/fantasa\/","title":{"rendered":"Fantas\u00eda"},"content":{"rendered":"<p>La inmersi\u00f3n del PP en el mundo de Fantas\u00eda ha acabado con un \u00abba\u00f1o\u00bb de realidad.  Los informes solicitados por el PP en la Comisi\u00f3n 11M, que intentaban (otra vez, todav\u00eda) demostrar la relaci\u00f3n ETA-Al Qaeda, o no existen o descartan esta relaci\u00f3n.<br \/>\nNo hay ninguna relaci\u00f3n demostrada de ETA con la resistencia iraqu\u00ed, ni con la palestina, ni con la afgana, ni con los detenidos del 11M, ni con las armas y explosivos usados el 11M, tampoco con los fabricantes de las galletitas saladas con las que se atragant\u00f3 Bush.<\/p>\n","protected":false},"excerpt":{"rendered":"<p>La inmersi\u00f3n del PP en el mundo de Fantas\u00eda ha acabado con un \u00abba\u00f1o\u00bb de realidad. Los informes solicitados por el PP en la Comisi\u00f3n 11M, que intentaban (otra vez, todav\u00eda) demostrar la relaci\u00f3n ETA-Al Qaeda, o no existen o descartan esta relaci\u00f3n. No hay ninguna relaci\u00f3n demostrada de ETA con la resistencia iraqu\u00ed, ni&hellip;&nbsp;<a href=\"https:\/\/junjan.org\/wordpress\/2004\/09\/fantasa\/\" rel=\"bookmark\">Leer m\u00e1s &raquo;<span class=\"screen-reader-text\">Fantas\u00eda<\/span><\/a><\/p>\n","protected":false},"author":1,"featured_media":0,"comment_status":"open","ping_status":"open","sticky":false,"template":"","format":"standard","meta":{"neve_meta_sidebar":"","neve_meta_container":"","neve_meta_enable_content_width":"","neve_meta_content_width":0,"neve_meta_title_alignment":"","neve_meta_author_avatar":"","neve_post_elements_order":"","neve_meta_disable_header":"","neve_meta_disable_footer":"","neve_meta_disable_title":"","footnotes":""},"categories":[9],"tags":[],"class_list":["post-296","post","type-post","status-publish","format-standard","hentry","category-opinion"],"_links":{"self":[{"href":"https:\/\/junjan.org\/wordpress\/wp-json\/wp\/v2\/posts\/296","targetHints":{"allow":["GET"]}}],"collection":[{"href":"https:\/\/junjan.org\/wordpress\/wp-json\/wp\/v2\/posts"}],"about":[{"href":"https:\/\/junjan.org\/wordpress\/wp-json\/wp\/v2\/types\/post"}],"author":[{"embeddable":true,"href":"https:\/\/junjan.org\/wordpress\/wp-json\/wp\/v2\/users\/1"}],"replies":[{"embeddable":true,"href":"https:\/\/junjan.org\/wordpress\/wp-json\/wp\/v2\/comments?post=296"}],"version-history":[{"count":0,"href":"https:\/\/junjan.org\/wordpress\/wp-json\/wp\/v2\/posts\/296\/revisions"}],"wp:attachment":[{"href":"https:\/\/junjan.org\/wordpress\/wp-json\/wp\/v2\/media?parent=296"}],"wp:term":[{"taxonomy":"category","embeddable":true,"href":"https:\/\/junjan.org\/wordpress\/wp-json\/wp\/v2\/categories?post=296"},{"taxonomy":"post_tag","embeddable":true,"href":"https:\/\/junjan.org\/wordpress\/wp-json\/wp\/v2\/tags?post=296"}],"curies":[{"name":"wp","href":"https:\/\/api.w.org\/{rel}","templated":true}]}}