{"id":297,"date":"2004-09-29T12:16:54","date_gmt":"2004-09-29T12:16:54","guid":{"rendered":"http:\/\/junjan.org\/wordpress\/?p=297"},"modified":"2004-09-29T12:16:54","modified_gmt":"2004-09-29T12:16:54","slug":"el_ombligo_del_mundo","status":"publish","type":"post","link":"https:\/\/junjan.org\/wordpress\/2004\/09\/el_ombligo_del_mundo\/","title":{"rendered":"El ombligo del mundo"},"content":{"rendered":"<p>Est\u00e1 claro que la Iglesia Cat\u00f3lica sufre cr\u00f3nicamente de \u00abpecado de soberbia\u00bb. El arzobispo de Toledo, Antonio Ca\u00f1izares, cree que la nueva materia de \u00abEducaci\u00f3n ciudadana\u00bb puede ser inconstitucional, al \u00abadoctrinar\u00bb a los ni\u00f1os desde el estado. Adem\u00e1s ha criticado al Gobierno por no enviar la nueva reforma educativa a la Conferencia Episcopal antes que a los medios de comunicaci\u00f3n.<br \/>\nVamos a ver si nos enteramos.<br \/>\n**\u00bfAdoctrinar?** **\u00bfLa santa iglesia cat\u00f3lica apost\u00f3lica y romana, 40 a\u00f1os franquista, habla de adoctrinar?** **\u00bfPero es que no tienen verguenza alguna?**<br \/>\nEsto es como si un carnicero te hablara de los problemas del colesterol mientras te vende unas manitas de cerdo. Y adem\u00e1s se sienten ofendidos porque el gobierno no les mande sus proyectos de ley antes que a los medios, y ya puestos \u00bfpor qu\u00e9 no antes que al congreso?<br \/>\nSe ve que echan de menos los sistemas feudales, con todos los plebeyos bes\u00e1ndoles las manos y derecho a recaudar impuestos y requisar alimentos. Estar\u00eda bien que alguien les dijera el a\u00f1o en que vivimos.<\/p>\n","protected":false},"excerpt":{"rendered":"<p>Est\u00e1 claro que la Iglesia Cat\u00f3lica sufre cr\u00f3nicamente de \u00abpecado de soberbia\u00bb. El arzobispo de Toledo, Antonio Ca\u00f1izares, cree que la nueva materia de \u00abEducaci\u00f3n ciudadana\u00bb puede ser inconstitucional, al \u00abadoctrinar\u00bb a los ni\u00f1os desde el estado. Adem\u00e1s ha criticado al Gobierno por no enviar la nueva reforma educativa a la Conferencia Episcopal antes que&hellip;&nbsp;<a href=\"https:\/\/junjan.org\/wordpress\/2004\/09\/el_ombligo_del_mundo\/\" rel=\"bookmark\">Leer m\u00e1s &raquo;<span class=\"screen-reader-text\">El ombligo del mundo<\/span><\/a><\/p>\n","protected":false},"author":1,"featured_media":0,"comment_status":"open","ping_status":"open","sticky":false,"template":"","format":"standard","meta":{"neve_meta_sidebar":"","neve_meta_container":"","neve_meta_enable_content_width":"","neve_meta_content_width":0,"neve_meta_title_alignment":"","neve_meta_author_avatar":"","neve_post_elements_order":"","neve_meta_disable_header":"","neve_meta_disable_footer":"","neve_meta_disable_title":"","footnotes":""},"categories":[9],"tags":[],"class_list":["post-297","post","type-post","status-publish","format-standard","hentry","category-opinion"],"_links":{"self":[{"href":"https:\/\/junjan.org\/wordpress\/wp-json\/wp\/v2\/posts\/297","targetHints":{"allow":["GET"]}}],"collection":[{"href":"https:\/\/junjan.org\/wordpress\/wp-json\/wp\/v2\/posts"}],"about":[{"href":"https:\/\/junjan.org\/wordpress\/wp-json\/wp\/v2\/types\/post"}],"author":[{"embeddable":true,"href":"https:\/\/junjan.org\/wordpress\/wp-json\/wp\/v2\/users\/1"}],"replies":[{"embeddable":true,"href":"https:\/\/junjan.org\/wordpress\/wp-json\/wp\/v2\/comments?post=297"}],"version-history":[{"count":0,"href":"https:\/\/junjan.org\/wordpress\/wp-json\/wp\/v2\/posts\/297\/revisions"}],"wp:attachment":[{"href":"https:\/\/junjan.org\/wordpress\/wp-json\/wp\/v2\/media?parent=297"}],"wp:term":[{"taxonomy":"category","embeddable":true,"href":"https:\/\/junjan.org\/wordpress\/wp-json\/wp\/v2\/categories?post=297"},{"taxonomy":"post_tag","embeddable":true,"href":"https:\/\/junjan.org\/wordpress\/wp-json\/wp\/v2\/tags?post=297"}],"curies":[{"name":"wp","href":"https:\/\/api.w.org\/{rel}","templated":true}]}}