{"id":304,"date":"2004-10-05T20:08:37","date_gmt":"2004-10-05T20:08:37","guid":{"rendered":"http:\/\/junjan.org\/wordpress\/?p=304"},"modified":"2011-05-24T12:29:21","modified_gmt":"2011-05-24T10:29:21","slug":"menos_lobos","status":"publish","type":"post","link":"https:\/\/junjan.org\/wordpress\/2004\/10\/menos_lobos\/","title":{"rendered":"Menos lobos"},"content":{"rendered":"<p>Fernando Berl\u00edn,  de su art\u00edculo \u00abLa Red de pensamiento agitativo en Internet\u00bb:<\/p>\n<blockquote>\n<div class=\"citation\">En nuestro pa\u00eds el fen\u00f3meno es mucho m\u00e1s peque\u00f1o pero tambi\u00e9n m\u00e1s agresivo y de corte ultraconservador. Tal y como se\u00f1ala en el libro 11-M Redes para ganar una guerra (Icaria) el autor David de Ugarte (un ex profesor de Econom\u00eda en la Universidad Carlos III y prestigiado te\u00f3rico de redes), existe una \u00abRed de pensamiento agitativo\u00bb en Internet de la que \u00absu manifestaci\u00f3n m\u00e1s conocida en Espa\u00f1a ser\u00eda el diario online dirigido por Jim\u00e9nez Losantos, que ejerce una notable influencia sobre una peque\u00f1a galaxia Red de bit\u00e1coras y j\u00f3venes agitadores y que est\u00e1 ligado a un conocido programa matutino de la radio de la Conferencia Episcopal [&#8230;]\u00bb.<br \/>\nEsta galaxia de webs, en torno a cincuenta, se encarga de amplificar y magnificar peque\u00f1as noticias y libelos de la Red relacionados con (contra) el PSOE, con los nacionalistas, con PRISA y, por supuesto, con el Gobierno de Zapatero.<br \/>\nLa galaxia est\u00e1 pasando desapercibida a los afectados pero la suma de sus p\u00e1ginas consigue que su impacto trascienda a Internet, logrando incluso que no pocos peri\u00f3dicos en papel recojan sus tesis.<br \/>\nSon ellos quienes, d\u00eda a d\u00eda, est\u00e1n construyendo en Internet una realidad paralela sobre acontecimientos de actualidad tales como el atentado terrorista del 11 de marzo, consiguiendo conectar datos reales con especulaciones, rumorolog\u00edas e invenciones; y este fen\u00f3meno de falsificaci\u00f3n se ha instalado y ya no tiene vuelta atr\u00e1s.<br \/>\nLos agitadores neocons han asumido procedimientos de Red y t\u00e9cnicas de coordinaci\u00f3n propias de las c\u00e9lulas comunistas y se han apropiado de sus mecanismos. Sus webs tienen, en conjunto, un elevado grado de intercomunicaci\u00f3n y logran (utilizando con habilidad la programaci\u00f3n) buenas posiciones en buscadores como altavista e incluso excelentes posiciones en catalogadores de noticias de prensa seria como google news, donde los robots automatizados interpretan que sus textos son noticias reales e importantes.<\/div>\n<\/blockquote>\n<p>Interesante, pero no creo que haya un desequilibrio entre p\u00e1ginas de derecha e izquierda. Adem\u00e1s, aunque lo hubiera, no veo el problema, no creo que sea necesario ni importante que exista un equilibrio. Estoy de acuerdo en que los \u00abblogs\u00bb de derecha o autodenominados liberales tienen un mayor nivel de interacci\u00f3n, se enlazan y retroenlazan m\u00e1s, sus art\u00edculos se citan y recitan, sus argumentos se repiten. Los razonamientos que manejan empiezan a ser \u00abcomunes\u00bb en otros medios, incluso han generalizado el uso de muchas expresiones (originarias de Losantos, Moa o Vidal), con palabras como \u00abguerracivilismo\u00bb, \u00abjacobinismo\u00bb, \u00ablaicismo\u00bb, \u00abrevanchismo\u00bb, \u00abodio cainita\u00bb, etc. Pero sigo sin ver el problema.<br \/>\nInternet nos da libertad, \u00bfes acaso malo?<br \/>\n\u00bfNo tenemos nosotros el mismo derecho a decir lo que nos da la gana? Y lo hacemos.<br \/>\n<strong>Menos lobos.<\/strong><\/p>\n","protected":false},"excerpt":{"rendered":"<p>Fernando Berl\u00edn, de su art\u00edculo \u00abLa Red de pensamiento agitativo en Internet\u00bb: En nuestro pa\u00eds el fen\u00f3meno es mucho m\u00e1s peque\u00f1o pero tambi\u00e9n m\u00e1s agresivo y de corte ultraconservador. Tal y como se\u00f1ala en el libro 11-M Redes para ganar una guerra (Icaria) el autor David de Ugarte (un ex profesor de Econom\u00eda en la&hellip;&nbsp;<a href=\"https:\/\/junjan.org\/wordpress\/2004\/10\/menos_lobos\/\" rel=\"bookmark\">Leer m\u00e1s &raquo;<span class=\"screen-reader-text\">Menos lobos<\/span><\/a><\/p>\n","protected":false},"author":1,"featured_media":0,"comment_status":"open","ping_status":"open","sticky":false,"template":"","format":"standard","meta":{"neve_meta_sidebar":"","neve_meta_container":"","neve_meta_enable_content_width":"","neve_meta_content_width":0,"neve_meta_title_alignment":"","neve_meta_author_avatar":"","neve_post_elements_order":"","neve_meta_disable_header":"","neve_meta_disable_footer":"","neve_meta_disable_title":"","footnotes":""},"categories":[5],"tags":[501,502,951],"class_list":["post-304","post","type-post","status-publish","format-standard","hentry","category-actualidad","tag-agitacion","tag-fernando-berlin","tag-internet"],"_links":{"self":[{"href":"https:\/\/junjan.org\/wordpress\/wp-json\/wp\/v2\/posts\/304","targetHints":{"allow":["GET"]}}],"collection":[{"href":"https:\/\/junjan.org\/wordpress\/wp-json\/wp\/v2\/posts"}],"about":[{"href":"https:\/\/junjan.org\/wordpress\/wp-json\/wp\/v2\/types\/post"}],"author":[{"embeddable":true,"href":"https:\/\/junjan.org\/wordpress\/wp-json\/wp\/v2\/users\/1"}],"replies":[{"embeddable":true,"href":"https:\/\/junjan.org\/wordpress\/wp-json\/wp\/v2\/comments?post=304"}],"version-history":[{"count":2,"href":"https:\/\/junjan.org\/wordpress\/wp-json\/wp\/v2\/posts\/304\/revisions"}],"predecessor-version":[{"id":1217,"href":"https:\/\/junjan.org\/wordpress\/wp-json\/wp\/v2\/posts\/304\/revisions\/1217"}],"wp:attachment":[{"href":"https:\/\/junjan.org\/wordpress\/wp-json\/wp\/v2\/media?parent=304"}],"wp:term":[{"taxonomy":"category","embeddable":true,"href":"https:\/\/junjan.org\/wordpress\/wp-json\/wp\/v2\/categories?post=304"},{"taxonomy":"post_tag","embeddable":true,"href":"https:\/\/junjan.org\/wordpress\/wp-json\/wp\/v2\/tags?post=304"}],"curies":[{"name":"wp","href":"https:\/\/api.w.org\/{rel}","templated":true}]}}