{"id":306,"date":"2004-10-07T00:55:21","date_gmt":"2004-10-07T00:55:21","guid":{"rendered":"http:\/\/junjan.org\/wordpress\/?p=306"},"modified":"2004-10-07T00:55:21","modified_gmt":"2004-10-07T00:55:21","slug":"doblepensar","status":"publish","type":"post","link":"https:\/\/junjan.org\/wordpress\/2004\/10\/doblepensar\/","title":{"rendered":"Doblepensar"},"content":{"rendered":"<p>La capacidad de muchos pol\u00edticos para hablar sin decir nada es de sobra conocida. Mariano Rajoy la domina y la supera. En su entrevista televisiva de esta noche con varios periodistas de todo el espectro informativo, ha demostrado que es miembro nato del \u00abno sabe, no contesta\u00bb. Su capacidad para no contestar a lo que se le pregunta, salirse por la tangente y hasta negar sus propias palabras, entra casi en la categor\u00eda del \u00abdoblepensar\u00bb.<br \/>\nAunque acusa ampliamente a sus oponentes de no estar preparados y de no tomar decisiones, \u00e9l cae de manera bochornosa en el \u00absaber y no saber\u00bb simult\u00e1neos, en la mentira cuidadosamente elaborada, en el sostenimiento de opiniones contradictorias y en el olvido sistem\u00e1tico\/selectivo.<br \/>\nY no es que yo est\u00e9 ciego, s\u00e9 que casi todos los pol\u00edticos caen en pr\u00e1cticas similares, pero lo de Rajoy me ha asombrado. Tras muchos a\u00f1os en el gobierno, (que hemos sufrido) y despu\u00e9s de que su partido haya bloqueado tantas iniciativas de todo tipo, puede llegar a pedir la \u00abigualdad de los espa\u00f1oles ante la ley sea cual sea el lugar en el que vivan\u00bb _(excepto si son homosexuales o inmigrantes)_ y afirmar sin sonrojarse que es \u00abpartidario del Estado del bienestar, de la sanidad p\u00fablica y gratuita y de la educaci\u00f3n p\u00fablica y gratuita\u00bb _(siempre que las opciones privadas y eclesi\u00e1sticas sean subvencionadas generosamente)._<br \/>\nImpresionante despliegue.<\/p>\n","protected":false},"excerpt":{"rendered":"<p>La capacidad de muchos pol\u00edticos para hablar sin decir nada es de sobra conocida. Mariano Rajoy la domina y la supera. En su entrevista televisiva de esta noche con varios periodistas de todo el espectro informativo, ha demostrado que es miembro nato del \u00abno sabe, no contesta\u00bb. Su capacidad para no contestar a lo que&hellip;&nbsp;<a href=\"https:\/\/junjan.org\/wordpress\/2004\/10\/doblepensar\/\" rel=\"bookmark\">Leer m\u00e1s &raquo;<span class=\"screen-reader-text\">Doblepensar<\/span><\/a><\/p>\n","protected":false},"author":1,"featured_media":0,"comment_status":"open","ping_status":"open","sticky":false,"template":"","format":"standard","meta":{"neve_meta_sidebar":"","neve_meta_container":"","neve_meta_enable_content_width":"","neve_meta_content_width":0,"neve_meta_title_alignment":"","neve_meta_author_avatar":"","neve_post_elements_order":"","neve_meta_disable_header":"","neve_meta_disable_footer":"","neve_meta_disable_title":"","footnotes":""},"categories":[9],"tags":[],"class_list":["post-306","post","type-post","status-publish","format-standard","hentry","category-opinion"],"_links":{"self":[{"href":"https:\/\/junjan.org\/wordpress\/wp-json\/wp\/v2\/posts\/306","targetHints":{"allow":["GET"]}}],"collection":[{"href":"https:\/\/junjan.org\/wordpress\/wp-json\/wp\/v2\/posts"}],"about":[{"href":"https:\/\/junjan.org\/wordpress\/wp-json\/wp\/v2\/types\/post"}],"author":[{"embeddable":true,"href":"https:\/\/junjan.org\/wordpress\/wp-json\/wp\/v2\/users\/1"}],"replies":[{"embeddable":true,"href":"https:\/\/junjan.org\/wordpress\/wp-json\/wp\/v2\/comments?post=306"}],"version-history":[{"count":0,"href":"https:\/\/junjan.org\/wordpress\/wp-json\/wp\/v2\/posts\/306\/revisions"}],"wp:attachment":[{"href":"https:\/\/junjan.org\/wordpress\/wp-json\/wp\/v2\/media?parent=306"}],"wp:term":[{"taxonomy":"category","embeddable":true,"href":"https:\/\/junjan.org\/wordpress\/wp-json\/wp\/v2\/categories?post=306"},{"taxonomy":"post_tag","embeddable":true,"href":"https:\/\/junjan.org\/wordpress\/wp-json\/wp\/v2\/tags?post=306"}],"curies":[{"name":"wp","href":"https:\/\/api.w.org\/{rel}","templated":true}]}}