{"id":31,"date":"2004-03-10T08:39:08","date_gmt":"2004-03-10T08:39:08","guid":{"rendered":"http:\/\/junjan.org\/wordpress\/?p=31"},"modified":"2004-03-10T08:39:08","modified_gmt":"2004-03-10T08:39:08","slug":"patriotismo","status":"publish","type":"post","link":"https:\/\/junjan.org\/wordpress\/2004\/03\/patriotismo\/","title":{"rendered":"Patriotismo"},"content":{"rendered":"<p>Mariano Rajoy en una de sus declaraciones de campa\u00f1a ha dicho que <span class=\"citation3i\">\u00abEn su opini\u00f3n, el balance de los ocho a\u00f1os de gobierno de su partido ha sido tan bueno y deja tan poco margen a las correcciones que hasta Zapatero deber\u00eda desear su victoria si \u00abtuviera un poco de patriotismo\u00bb\u00bb.<\/span><br \/>\nYa empiezan. Ya salio la palabrita. Es que ser de izquierdas (rojo) es la antiespa\u00f1a. Cualquiera con dos dedos de frente sabe que si eres espa\u00f1ol, hombre!, hay que ser de derechas (y cat\u00f3lico \u00abof course\u00bb).<br \/>\nEl facha redomando que hay dentro de cualquier miembro del PP , sale a relucir en las elecciones. Ahora mismo habla por la radio y la palabra \u00abEspa\u00f1a\u00bb le sale cada dos frases, que si \u00abel tema de Espa\u00f1a\u00bb, \u00abla tranquilidad de Espa\u00f1a\u00bb, \u00abno ser\u00eda bueno para Espa\u00f1a\u00bb, huy \u00absi tuvieran un poco de patrotismo\u00bb, a ver si se le escapa un \u00ab\u00a1\u00a1arriba Espa\u00f1a!!\u00bb.<br \/>\nA la vista de lo que hay, creo que <b>es necesario votar<\/b>.<br \/>\nHay que votar a la izquierda. Hay que evitar que estos fachas de nuevo cu\u00f1o sigan gobernando. Est\u00e1 claro que los que no votan, las abstenciones, son mayoritariamente de izquierdas. Los de derechas votan todos, van corriendo a primera hora (o los llevan en autobuses).<br \/>\nConozco a mucha gente que votar\u00eda a la izquierda, pero con el manido argumento de \u00abtodos son iguales\u00bb, \u00abya viste lo que hicieron los socialistas\u00bb, \u00abno tienen carisma\u00bb, y similares, se quedan en casita sin votar, como si quisieran que el PP nos gobierne <b>\u00abad infinitum\u00bb<\/b>. Claro, as\u00ed podemos quejarnos todos los d\u00edas de lo mal que est\u00e1 el pa\u00eds, de lo mucho que nos asombra el borregismo de la gente, de lo idiotas que son los ministros y de las tonter\u00edas que dice el presidente.<br \/>\nToc, toc&#8230; A ver si nos espabilamos. Dejad de miraros el ombligo, <b>\u00a1\u00a1a votar, cojones!!<\/b><\/p>\n","protected":false},"excerpt":{"rendered":"<p>Mariano Rajoy en una de sus declaraciones de campa\u00f1a ha dicho que \u00abEn su opini\u00f3n, el balance de los ocho a\u00f1os de gobierno de su partido ha sido tan bueno y deja tan poco margen a las correcciones que hasta Zapatero deber\u00eda desear su victoria si \u00abtuviera un poco de patriotismo\u00bb\u00bb. Ya empiezan. Ya salio&hellip;&nbsp;<a href=\"https:\/\/junjan.org\/wordpress\/2004\/03\/patriotismo\/\" rel=\"bookmark\">Leer m\u00e1s &raquo;<span class=\"screen-reader-text\">Patriotismo<\/span><\/a><\/p>\n","protected":false},"author":1,"featured_media":0,"comment_status":"open","ping_status":"open","sticky":false,"template":"","format":"standard","meta":{"neve_meta_sidebar":"","neve_meta_container":"","neve_meta_enable_content_width":"","neve_meta_content_width":0,"neve_meta_title_alignment":"","neve_meta_author_avatar":"","neve_post_elements_order":"","neve_meta_disable_header":"","neve_meta_disable_footer":"","neve_meta_disable_title":"","footnotes":""},"categories":[9],"tags":[],"class_list":["post-31","post","type-post","status-publish","format-standard","hentry","category-opinion"],"_links":{"self":[{"href":"https:\/\/junjan.org\/wordpress\/wp-json\/wp\/v2\/posts\/31","targetHints":{"allow":["GET"]}}],"collection":[{"href":"https:\/\/junjan.org\/wordpress\/wp-json\/wp\/v2\/posts"}],"about":[{"href":"https:\/\/junjan.org\/wordpress\/wp-json\/wp\/v2\/types\/post"}],"author":[{"embeddable":true,"href":"https:\/\/junjan.org\/wordpress\/wp-json\/wp\/v2\/users\/1"}],"replies":[{"embeddable":true,"href":"https:\/\/junjan.org\/wordpress\/wp-json\/wp\/v2\/comments?post=31"}],"version-history":[{"count":0,"href":"https:\/\/junjan.org\/wordpress\/wp-json\/wp\/v2\/posts\/31\/revisions"}],"wp:attachment":[{"href":"https:\/\/junjan.org\/wordpress\/wp-json\/wp\/v2\/media?parent=31"}],"wp:term":[{"taxonomy":"category","embeddable":true,"href":"https:\/\/junjan.org\/wordpress\/wp-json\/wp\/v2\/categories?post=31"},{"taxonomy":"post_tag","embeddable":true,"href":"https:\/\/junjan.org\/wordpress\/wp-json\/wp\/v2\/tags?post=31"}],"curies":[{"name":"wp","href":"https:\/\/api.w.org\/{rel}","templated":true}]}}