{"id":313,"date":"2004-10-13T19:32:12","date_gmt":"2004-10-13T19:32:12","guid":{"rendered":"http:\/\/junjan.org\/wordpress\/?p=313"},"modified":"2004-10-13T19:32:12","modified_gmt":"2004-10-13T19:32:12","slug":"patrioteros","status":"publish","type":"post","link":"https:\/\/junjan.org\/wordpress\/2004\/10\/patrioteros\/","title":{"rendered":"Patrioteros"},"content":{"rendered":"<p>No me gusta el patriotismo. Coincido plenamente con Ambrose Bierce que defin\u00eda patriotismo como esa **\u00bbbasura combustible dispuesta a arder para iluminar el nombre de cualquier ambicioso\u00bb.** Partiendo de esta base, me repatea el significado patriotero que se le da a la \u201cfiesta nacional\u201d (antiguo D\u00eda de la Raza). Puedo entender que el gobierno del PP se dedicara a loar las bondades de la patria (una de sus palabras favoritas), pero no acabo de entender que el PSOE se dedique a ello con tanta efusividad.<br \/>\nEl asunto \u201cva a m\u00e1s\u201d, ya que Jos\u00e9 Bono (\u201cel super-patriota\u201d) tuvo la aviesa idea de usar el desfile como un \u201cacto de concordia\u201d. \u00a1Todos a desfilar!<br \/>\nCreo que su idea de la concordia es bastante subjetiva. No me acaban de pegar concordia y desfile militar.<br \/>\n**Actualizaci\u00f3n**<br \/>\nDesternillante an\u00e1lisis de Higinio Polo, \u00abEl desfile marcial de Bono\u00bb en [\u00abLa Insignia\u00bb:http:\/\/www.lainsignia.org\/2004\/octubre\/ibe_050.htm]:<\/p>\n<div class=\"citation\">\nSi los preparativos habituales de la marcha son un disparate, el estreno de Jos\u00e9 Bono en su cargo de ministro de Defensa no pod\u00eda ser m\u00e1s que un esperpento. El ministril, que parece empe\u00f1ado en no olvidar su pasado en el Frente de Juventudes, ha tra\u00eddo, as\u00ed, a un veterano de la Divisi\u00f3n Azul (ya saben, esa benem\u00e9rita agrupaci\u00f3n militar que fue a echar una mano a Hitler y a la Wehrmacht, cuando atacaron a la Uni\u00f3n Sovi\u00e9tica) para hacer \u00abque reine la concordia\u00bb. Eso dijo el ministro. Bono, que, al parecer, es due\u00f1o de la inteligencia de un lamelibranquio, ha tenido la desfachatez, para justificar su desprop\u00f3sito, de decir que, en Espa\u00f1a, despu\u00e9s de todo, \u00absi se excluye a quienes alguna vez vitorearon a Franco, se quedan cuatro\u00bb. Bono ment\u00eda a conciencia, y lo sab\u00eda, pero debi\u00f3 balbucear esas palabras mientras miraba a Juan Carlos de Borb\u00f3n, que algo sabe de aclamaciones y reverencias al caudillo.<br \/>\nNo contento con ello, y a la vista del cisco que ha montado en el pa\u00eds, Bono (ducho en apagar incendios con gasolina, y revel\u00e1ndose como un aventajado alumno del inolvidable ministro Trillo) ha tenido otras ocurrencias. Para contestar a Gaspar Llamazares, que le hab\u00eda recordado al ministro de Defensa el disparate de poner al mismo nivel a v\u00edctimas y verdugos, y al antiguo secretario general del Partido Comunista de Espa\u00f1a, Santiago Carrillo, que, vista la l\u00f3gica del pasacalle militar, pregunt\u00f3 p\u00fablicamente si tambi\u00e9n habr\u00eda invitado a Hitler al desfile si \u00e9ste estuviera vivo, a Bono no se le ocurri\u00f3 nada m\u00e1s que decir, seg\u00fan los peri\u00f3dicos, que: \u00abNi a Hitler, ni a Stalin, ni a ninguno de los asesinos y genocidas que en el mundo han sido\u00bb.\n<\/div>\n","protected":false},"excerpt":{"rendered":"<p>No me gusta el patriotismo. Coincido plenamente con Ambrose Bierce que defin\u00eda patriotismo como esa **\u00bbbasura combustible dispuesta a arder para iluminar el nombre de cualquier ambicioso\u00bb.** Partiendo de esta base, me repatea el significado patriotero que se le da a la \u201cfiesta nacional\u201d (antiguo D\u00eda de la Raza). Puedo entender que el gobierno del&hellip;&nbsp;<a href=\"https:\/\/junjan.org\/wordpress\/2004\/10\/patrioteros\/\" rel=\"bookmark\">Leer m\u00e1s &raquo;<span class=\"screen-reader-text\">Patrioteros<\/span><\/a><\/p>\n","protected":false},"author":1,"featured_media":0,"comment_status":"open","ping_status":"open","sticky":false,"template":"","format":"standard","meta":{"neve_meta_sidebar":"","neve_meta_container":"","neve_meta_enable_content_width":"","neve_meta_content_width":0,"neve_meta_title_alignment":"","neve_meta_author_avatar":"","neve_post_elements_order":"","neve_meta_disable_header":"","neve_meta_disable_footer":"","neve_meta_disable_title":"","footnotes":""},"categories":[9],"tags":[],"class_list":["post-313","post","type-post","status-publish","format-standard","hentry","category-opinion"],"_links":{"self":[{"href":"https:\/\/junjan.org\/wordpress\/wp-json\/wp\/v2\/posts\/313","targetHints":{"allow":["GET"]}}],"collection":[{"href":"https:\/\/junjan.org\/wordpress\/wp-json\/wp\/v2\/posts"}],"about":[{"href":"https:\/\/junjan.org\/wordpress\/wp-json\/wp\/v2\/types\/post"}],"author":[{"embeddable":true,"href":"https:\/\/junjan.org\/wordpress\/wp-json\/wp\/v2\/users\/1"}],"replies":[{"embeddable":true,"href":"https:\/\/junjan.org\/wordpress\/wp-json\/wp\/v2\/comments?post=313"}],"version-history":[{"count":0,"href":"https:\/\/junjan.org\/wordpress\/wp-json\/wp\/v2\/posts\/313\/revisions"}],"wp:attachment":[{"href":"https:\/\/junjan.org\/wordpress\/wp-json\/wp\/v2\/media?parent=313"}],"wp:term":[{"taxonomy":"category","embeddable":true,"href":"https:\/\/junjan.org\/wordpress\/wp-json\/wp\/v2\/categories?post=313"},{"taxonomy":"post_tag","embeddable":true,"href":"https:\/\/junjan.org\/wordpress\/wp-json\/wp\/v2\/tags?post=313"}],"curies":[{"name":"wp","href":"https:\/\/api.w.org\/{rel}","templated":true}]}}