{"id":32,"date":"2004-03-11T10:06:21","date_gmt":"2004-03-11T09:06:21","guid":{"rendered":"http:\/\/junjan.org\/wordpress\/?p=32"},"modified":"2022-08-26T19:05:30","modified_gmt":"2022-08-26T17:05:30","slug":"11m","status":"publish","type":"post","link":"https:\/\/junjan.org\/wordpress\/2004\/03\/11m\/","title":{"rendered":"11M"},"content":{"rendered":"<p>Tres atentados de <span class=\"caps\"><span class=\"caps\">ETA<\/span><\/span> en Madrid provocan m\u00e1s de cien muertos y gran cantidad de heridos.<br \/>\nEl atentado m\u00e1s sangriento en la historia de <span class=\"caps\"><span class=\"caps\">ETA<\/span><\/span>. Los terroristas depositaron en la estaci\u00f3n de Alcala de Henares 8 explosivos en cuatro trenes consecutivos (2 por tren), hicieron explosi\u00f3n a las 7:35 am en las estaciones ferroviarias de Atocha, Santa Eugenia y El Pozo.<br \/>\nVer noticias en <a href=\"http:\/\/www.elpais.es\">El Pais<\/a> (Hoy en abierto).<br \/>\nCovertura especial en La <a href=\"http:\/\/www.cadenaser.com\/player_radio.html\">Cadena Ser.<\/a><br \/>\nVer comentarios en <a href=\"http:\/\/www.escolar.net\/MT\/archives\/000622.html\">Escolar.net<\/a>.<br \/>\nHay una primera convocatoria de manifestaci\u00f3n para <b>ma\u00f1ana a las siete de la tarde<\/b>, bajo el lema <i>Con la victimas, con la Constituci\u00f3n, por la derrota del terrorismo<\/i>. El Gobierno ha decretado tres d\u00edas de luto nacional.<br \/>\nNo tengo palabras para describir lo que siento.<\/p>\n<p>&#8230;&#8230;&#8230;&#8230;&#8230;&#8230;&#8230;&#8230;&#8230;&#8230;&#8230;&#8230;&#8230;&#8230;&#8230;&#8230;&#8230;&#8230;&#8230;&#8230;&#8230;..<br \/>\n<b>Actualizaci\u00f3n 13:30<\/b>:<br \/>\n\u00daltimo balance de 173 muertos y casi 600 heridos.<br \/>\nRelato de los <a href=\"http:\/\/www.elpais.es\/articulo.html?xref=20040311elpepunac_9&amp;type=Tes&amp;anchor=elpporesp\">hechos minuto a minuto en El Pais<\/a><\/p>\n<p><b>Declaraciones por el momento<\/b>:<br \/>\n<b>Mariano Rajoy:<\/b> \u201cse ha acabado la campa\u00f1a electoral\u2026 <span class=\"caps\">ETA<\/span> ha puesto de luto la democracia\u2026 es momento de dejar de lado todas las diferencias y unir las voluntades de todos los espa\u00f1oles\u201d.<br \/>\n<b>Jose Lu\u00eds Rodriguez Zapatero:<\/b> \u201cETA ha intentado intervenir en la campa\u00f1a\u2026 Yo pedir\u00eda a todos los ciudadanos que el domingo, como reacci\u00f3n a <span class=\"caps\">ETA<\/span>, hubiera una masiva participaci\u00f3n en las urnas\u2026 la reacci\u00f3n de hoy de los partidos pol\u00edticos fuera una reacci\u00f3n compartida, una reacci\u00f3n conjunta, una reacci\u00f3n donde nadie hiciera una valoraci\u00f3n pol\u00edtica que pudiera dividir o enfrentar a los dem\u00f3cratas\u201d.<br \/>\n<b>Gaspar LLamazares:<\/b> \u201cla barbarie nazi que hoy ha cometido <span class=\"caps\">ETA<\/span>\u2026 pido una imagen com\u00fan de unidad entre todos los partidos y una reuni\u00f3n de las fuerzas democr\u00e1ticas para responder ante esta barbaridad\u201d.<br \/>\n<b> Josep-Llu\u00eds Carod-Rovira:<\/b> \u201cquien tenga capacidad de decidir cosas, asuma sus responsabilidades y constate que alguien debe hacer que la palabra se convierta en el instrumento definitivo para que se acabe la barbarie\u201d<br \/>\n<b>Parlamento Europeo:<\/b> Los eurodiputados han guardado hoy al inicio de la sesi\u00f3n un minuto de silencio en memoria de las v\u00edctimas de los atentados terroristas de Madrid. El presidente del Parlamento, Pat Cox, calific\u00f3 el atentado de \u201cun ataque contra el pueblo de Espa\u00f1a y contra la democracia de Espa\u00f1a\u201d. \u201cLo que ha ocurrido hoy\u201d, a\u00f1adi\u00f3, \u201ces una declaraci\u00f3n de guerra contra la democracia\u201d, en las v\u00edsperas de las elecciones.<\/p>\n<p>Cox, tras se\u00f1alar que \u201cdecenas de personas han perdido la vida, centenares est\u00e1n heridas\u201d y que cada informaci\u00f3n que llega aumenta la cifra de v\u00edctimas, afirm\u00f3: \u201ces el peor acto de terror en la historia de Espa\u00f1a, el peor acto de terror en la memoria de cualquier Estado miembro\u201d. Es un \u201cataqueinjusto e injustificable contra el pueblo espa\u00f1ol\u201d y reiter\u00f3 su deseo de \u201cque no haya ning\u00fan lugar seguro para el terrorismo ni para los terroristas en nuestra Uni\u00f3n Europea\u201d. Y hablando en espa\u00f1ol dijo: \u201cEn nombre del Parlamento Europeo expreso nuestro compromiso firme en favor de la democracia y de los derechos humanos. No m\u00e1s bombas. No m\u00e1s muertos. Entre todos acabaremos con los terroristas\u201d. Inform\u00f3 de que la bandera espa\u00f1ola y la europea ondear\u00e1n a media hasta en el Parlamento Europeo.<\/p>\n<p>&#8230;&#8230;&#8230;&#8230;&#8230;&#8230;&#8230;&#8230;&#8230;&#8230;&#8230;&#8230;&#8230;&#8230;&#8230;&#8230;&#8230;&#8230;&#8230;&#8230;&#8230;..<br \/>\n<b>Actualizaci\u00f3n 15:00<\/b>:<br \/>\n\u00daltimo balance de 175 muertos y casi 900 heridos.<\/p>\n<p><b>Declaraciones:<\/b><br \/>\n<b>Tony Blair<\/b>: \u201cThe terrible attack underlines the threat that we all continue to face from terrorism in many countries, and why we all must work together internationally to safeguard our peoples against such attacks and defeat terrorism\u201d.<br \/>\n<b>Francisco Frutos<\/b>: \u201cEl atentado terrorista es un acto directo contra los trabajadores, estudiantes, y en definitiva, contra todo el pueblo espa\u00f1ol. Si todav\u00eda queda alg\u00fan incauto, o embustero, que crea que <span class=\"caps\">ETA<\/span> y su entorno tienen algo que ver con la izquierda, con la democracia y la libertad, que se baje de su ignorancia o de su cinismo. <span class=\"caps\">ETA<\/span> y su entorno representan s\u00f3lo a un movimiento para romper la convivencia a trav\u00e9s de m\u00e9todos fascistas\u201d. \u201cNuestro m\u00e1s intenso dolor y rabia os acompa\u00f1a a todas las v\u00edctimas y familiares. No olvidaremos nunca y contribuiremos a perseguir y encarcelar a los criminales, a los que han colocado las bombas y a los responsables directos e indirectos de ello, para que nunca m\u00e1s tengan libertad para andar por las calles\u201d.<br \/>\n<b>Jose Mar\u00eda Aznar<\/b>: \u201cHan matado a muchas personas por el mero hecho de ser espa\u00f1oles. Es un asesinato masivo, han querido hacer todo el da\u00f1o posible\u201d. \u201cLos responsables de estos atentados ser\u00e1n detenidos, condenados por los tribunales, cumplir\u00e1n \u00edntegramente sus condenas y no tendr\u00e1n otro horizonte que ver amanecer todos los d\u00edas entre los barrotes de la prisi\u00f3n\u201d. \u201cHoy las palabras no bastan para consolar su dolor, pero hay que decirles que no olvidaremos lo que ha pasado\u201d.<br \/>\n<a href=\"http:\/\/junjan.org\/weblog\/documents\/documento_aznar_11M.html\">Ver Declaraci\u00f3n completa.<\/a><\/p>\n<p>&#8230;&#8230;&#8230;&#8230;&#8230;&#8230;&#8230;&#8230;&#8230;&#8230;&#8230;&#8230;&#8230;&#8230;&#8230;&#8230;&#8230;&#8230;&#8230;&#8230;&#8230;..<br \/>\n<b>Actualizaci\u00f3n 17:45<\/b>:<br \/>\n\u00daltimo balance de 186 muertos y m\u00e1s de 1000 heridos.<br \/>\nVer <a href=\"http:\/\/www.madrid112.org\/not00.asp?id=194\">listado provisonal de heridos.<\/a><\/p>\n","protected":false},"excerpt":{"rendered":"<p>Tres atentados de ETA en Madrid provocan m\u00e1s de cien muertos y gran cantidad de heridos. El atentado m\u00e1s sangriento en la historia de ETA. Los terroristas depositaron en la estaci\u00f3n de Alcala de Henares 8 explosivos en cuatro trenes consecutivos (2 por tren), hicieron explosi\u00f3n a las 7:35 am en las estaciones ferroviarias de&hellip;&nbsp;<a href=\"https:\/\/junjan.org\/wordpress\/2004\/03\/11m\/\" rel=\"bookmark\">Leer m\u00e1s &raquo;<span class=\"screen-reader-text\">11M<\/span><\/a><\/p>\n","protected":false},"author":1,"featured_media":0,"comment_status":"closed","ping_status":"open","sticky":false,"template":"","format":"standard","meta":{"neve_meta_sidebar":"","neve_meta_container":"","neve_meta_enable_content_width":"","neve_meta_content_width":0,"neve_meta_title_alignment":"","neve_meta_author_avatar":"","neve_post_elements_order":"","neve_meta_disable_header":"","neve_meta_disable_footer":"","neve_meta_disable_title":"","footnotes":""},"categories":[5],"tags":[36,530,639],"class_list":["post-32","post","type-post","status-publish","format-standard","hentry","category-actualidad","tag-11m","tag-atentados","tag-madrid"],"_links":{"self":[{"href":"https:\/\/junjan.org\/wordpress\/wp-json\/wp\/v2\/posts\/32","targetHints":{"allow":["GET"]}}],"collection":[{"href":"https:\/\/junjan.org\/wordpress\/wp-json\/wp\/v2\/posts"}],"about":[{"href":"https:\/\/junjan.org\/wordpress\/wp-json\/wp\/v2\/types\/post"}],"author":[{"embeddable":true,"href":"https:\/\/junjan.org\/wordpress\/wp-json\/wp\/v2\/users\/1"}],"replies":[{"embeddable":true,"href":"https:\/\/junjan.org\/wordpress\/wp-json\/wp\/v2\/comments?post=32"}],"version-history":[{"count":3,"href":"https:\/\/junjan.org\/wordpress\/wp-json\/wp\/v2\/posts\/32\/revisions"}],"predecessor-version":[{"id":2808,"href":"https:\/\/junjan.org\/wordpress\/wp-json\/wp\/v2\/posts\/32\/revisions\/2808"}],"wp:attachment":[{"href":"https:\/\/junjan.org\/wordpress\/wp-json\/wp\/v2\/media?parent=32"}],"wp:term":[{"taxonomy":"category","embeddable":true,"href":"https:\/\/junjan.org\/wordpress\/wp-json\/wp\/v2\/categories?post=32"},{"taxonomy":"post_tag","embeddable":true,"href":"https:\/\/junjan.org\/wordpress\/wp-json\/wp\/v2\/tags?post=32"}],"curies":[{"name":"wp","href":"https:\/\/api.w.org\/{rel}","templated":true}]}}