{"id":322,"date":"2004-10-17T18:15:57","date_gmt":"2004-10-17T18:15:57","guid":{"rendered":"http:\/\/junjan.org\/wordpress\/?p=322"},"modified":"2004-10-17T18:15:57","modified_gmt":"2004-10-17T18:15:57","slug":"colombia_violencia_extrema_con","status":"publish","type":"post","link":"https:\/\/junjan.org\/wordpress\/2004\/10\/colombia_violencia_extrema_con\/","title":{"rendered":"Colombia: violencia extrema contra las mujeres"},"content":{"rendered":"<p><img loading=\"lazy\" decoding=\"async\" alt=\"colombia_ai.jpg\" title=\"No m&aacute;s violencia\" src=\"http:\/\/www.junjan.org\/weblog\/images\/colombia_ai.jpg\" width=\"108\" height=\"115\" border=\"1\"  style=\"float: left; margin: 4px 13px 5px 0px\"\/><br \/>\nEscalofriante informe de Amnist\u00eda Internacional sobre la situaci\u00f3n de la poblaci\u00f3n civil en Colombia y sobre la utilizaci\u00f3n de la violencia sexual contra mujeres como arma de guerra. \u00abLeer informe\u00bb:http:\/\/www.es.amnesty.org\/nomasviolencia\/docs\/informes_ai\/02regiones\/02america\/colombia\/AMR230402004.pdf (PDF). Campa\u00f1a: \u00ab[\u00abNo m\u00e1s violencia contra las mujeres\u00bb:http:\/\/www.es.amnesty.org\/nomasviolencia\/]\u00bb.<br \/>\nResumen:<\/p>\n<blockquote><p>\n\u00abDurante los \u00faltimos 20 a\u00f1os el conflicto armado interno en Colombia se ha cobrado la vida de al menos 70.000 personas, la gran mayor\u00eda de ellas civiles muertos fuera de combate. Decenas de miles han sido secuestrados, \u201cdesaparecidos\u201d y torturados, y m\u00e1s de tres millones se han visto obligados a abandonar sus hogares. En el curso de los 40 a\u00f1os del conflicto se han enfrentado las fuerzas de seguridad y los paramilitares, apoyados por el ej\u00e9rcito, con los grupos guerrilleros en una lucha por el control del territorio y los recursos econ\u00f3micos. La poblaci\u00f3n civil ha sido la m\u00e1s afectada por esta violencia. No s\u00f3lo por haber quedado \u201catrapada entre dos fuegos\u201d, sino porque a menudo se la ha colocado en el punto de mira de forma directa y deliberada, por ejemplo para eliminar a quienes se considera que apoyan al \u201cenemigo\u201d o para sembrar el terror con el fin de \u201climpiar\u201d territorios de inter\u00e9s econ\u00f3mico o estrat\u00e9gico para los grupos armados o para aquellos que los respaldan.<br \/>\nLa violencia contra las mujeres, en particular la violencia y la explotaci\u00f3n sexuales \u2013 llegando hasta la violaci\u00f3n y la mutilaci\u00f3n genital\u2013, forma parte integral del conflicto armado y contin\u00faa siendo una pr\u00e1ctica extendida que utilizan todos los bandos del conflicto. Las mujeres son objetivo de los grupos armados por diversas razones: por transgredir roles de g\u00e9nero o desafiar prohibiciones impuestas por los grupos armados, o por ser consideradas un blanco \u00fatil a trav\u00e9s del cual humillar al enemigo.<br \/>\nLa violaci\u00f3n y otros delitos sexuales, como la mutilaci\u00f3n genital, son pr\u00e1cticas frecuentes de las fuerzas de seguridad y sus aliados paramilitares como parte del repertorio de t\u00e1cticas de terror que emplean contra las comunidades situadas en zonas de conflicto a las que acusan de colaborar con la guerrilla. Estas t\u00e1cticas est\u00e1n concebidas para provocar desplazamientos en masa o romper los v\u00ednculos, presuntos o reales, entre dichas comunidades y las fuerzas guerrilleras. En este marco, la impunidad de que gozan los autores de estos delitos no es accidental, sino que forma parte de la estrategia de contrainsurgencia. Al sembrar el terror y explotar a las mujeres para conseguir objetivos militares, han convertido sus cuerpos en campos de batalla.\u00bb\n<\/p><\/blockquote>\n<p>La violaci\u00f3n sistem\u00e1tica como arma de guerra est\u00e1 considerada como un \u201ccrimen contra la humanidad\u201d y su intencionalidad planificada puede considerarse en una eventual acusaci\u00f3n de genocidio. Seg\u00fan se explica en el libro \u00ab[\u00abCr\u00edmenes de guerra\u00bb:http:\/\/www.junjan.org\/weblog\/archives\/2004\/07\/02\/crimenes_de_guerra.html]\u00bb, en virtud del estatuto establecido en el Tribunal para la antigua Yugoslavia, un oficial puede ser procesado por las violaciones cometidas por sus subordinados si les orden\u00f3 o fue c\u00f3mplice de ellos, o incluso \u201csi sab\u00eda o ten\u00eda motivos para saber que un subordinado iba a cometer o hab\u00eda cometido tales actos y no tom\u00f3 las medidas necesarias y razonables para prevenir tales actos o castigar a los autores\u201d. Si leemos el informe de AI, en esta categor\u00eda se pueden encuadrar la gran mayor\u00eda de los responsables del ej\u00e9rcito colombiano, las fuerzas paramilitares y la guerrilla de las FARC.<br \/>\nOtro dato que no hay que olvidar, es que Colombia es uno de los principales receptores de ayuda militar estadounidense y que gran parte de las actividades paramilitares se financian gracias a esta \u201cayuda\u201d. La enquistaci\u00f3n del conflicto en los \u00faltimo veinte a\u00f1os tiene en esa \u201cayuda\u201d uno de sus principales factores.  El actual gobierno colombiano est\u00e1 intentando \u00abperpetuar\u00bb este modelo paramilitar, como dice H\u00e9ctor Mondrag\u00f3n en su art\u00edculo \u00ab[\u00abLos orcos en la batalla\u00bb:http:\/\/www.prensarural.org\/mondragon20040509.htm]\u00bb:<\/p>\n<blockquote><p>\nEl resultado m\u00e1s palpable del paramilitarismo en Colombia es el proceso de desarraigo de tres millones de campesinos desplazados por la violencia y la subordinaci\u00f3n a los grandes propietarios de regiones. Pero tambi\u00e9n lo son el exterminio de la dirigencia sindical m\u00e1s luchadora, liquidada en cuotas anuales de decenas y el final escenario de desaparici\u00f3n de las conquistas laborales y las empresas y entidades del estado que los sindicatos defienden. Es un proceso exitoso desde el punto de vista del poder econ\u00f3mico.<br \/>\nAhora, los resultados de la violencia ilegal son institucionalizados mediante reformas constitucionales que eliminan derechos fundamentales o las v\u00edas para defenderlos. A la vez, el aparato paramilitar quiere ser legalizado mediante acuerdos con el gobierno, cuyo efecto m\u00e1s real ser\u00e1 ocultar a los responsables intelectuales y a los beneficiarios econ\u00f3micos del paramilitarismo.<br \/>\nSi se consolidara el proyecto de acuerdo Uribe-paramilitares, un nuevo modelo resolver\u00eda los problemas generados por la impunidad en el Cono Sur y por las leyes de olvido para las dictaduras militares chilena y argentina y la dictadura civil uruguaya, impunidad en crisis y cuestionada internacionalmente. El modelo colombiano s\u00ed garantizar\u00eda, de ser apoyado internacionalmente, una impunidad de los cr\u00edmenes contra los movimientos sociales, bajo el manto de un acuerdo con supuestos \u00abrebeldes\u00bb. La sola posibilidad de que este acuerdo se concrete ha desatado una ola de acciones paramilitares y sicariales en el continente.<\/p><\/blockquote>\n<p>Y mientras tanto nuestro gobierno sigue manteniendo acuerdos de ayuda \u00abmilitar\u00bb en contra del \u00abterrorismo y el narcotr\u00e1fico\u00bb, dinero que con toda probabilidad se sumar\u00e1 a las ayuda de muchos otros pa\u00edses para financiar la pol\u00edtica de impunidad con las fuerzas paramilitares y de eliminaci\u00f3n de los grupos sindicalistas y en defensa de los derechos humanos; aunque seg\u00fan nuestra \u00abdiplomacia\u00bb, \u00abUribe es la persona adecuada para llevar adelante el objetivo de consolidar un Estado de Derecho con pleno respeto por los derechos humanos\u00bb.<br \/>\nLo que hay que oir&#8230;<\/p>\n","protected":false},"excerpt":{"rendered":"<p>Escalofriante informe de Amnist\u00eda Internacional sobre la situaci\u00f3n de la poblaci\u00f3n civil en Colombia y sobre la utilizaci\u00f3n de la violencia sexual contra mujeres como arma de guerra. \u00abLeer informe\u00bb:http:\/\/www.es.amnesty.org\/nomasviolencia\/docs\/informes_ai\/02regiones\/02america\/colombia\/AMR230402004.pdf (PDF). Campa\u00f1a: \u00ab[\u00abNo m\u00e1s violencia contra las mujeres\u00bb:http:\/\/www.es.amnesty.org\/nomasviolencia\/]\u00bb. Resumen: \u00abDurante los \u00faltimos 20 a\u00f1os el conflicto armado interno en Colombia se ha cobrado la vida&hellip;&nbsp;<a href=\"https:\/\/junjan.org\/wordpress\/2004\/10\/colombia_violencia_extrema_con\/\" rel=\"bookmark\">Leer m\u00e1s &raquo;<span class=\"screen-reader-text\">Colombia: violencia extrema contra las mujeres<\/span><\/a><\/p>\n","protected":false},"author":1,"featured_media":0,"comment_status":"open","ping_status":"open","sticky":false,"template":"","format":"standard","meta":{"neve_meta_sidebar":"","neve_meta_container":"","neve_meta_enable_content_width":"","neve_meta_content_width":0,"neve_meta_title_alignment":"","neve_meta_author_avatar":"","neve_post_elements_order":"","neve_meta_disable_header":"","neve_meta_disable_footer":"","neve_meta_disable_title":"","footnotes":""},"categories":[5],"tags":[61],"class_list":["post-322","post","type-post","status-publish","format-standard","hentry","category-actualidad","tag-mujeres-violencia-colombia"],"_links":{"self":[{"href":"https:\/\/junjan.org\/wordpress\/wp-json\/wp\/v2\/posts\/322","targetHints":{"allow":["GET"]}}],"collection":[{"href":"https:\/\/junjan.org\/wordpress\/wp-json\/wp\/v2\/posts"}],"about":[{"href":"https:\/\/junjan.org\/wordpress\/wp-json\/wp\/v2\/types\/post"}],"author":[{"embeddable":true,"href":"https:\/\/junjan.org\/wordpress\/wp-json\/wp\/v2\/users\/1"}],"replies":[{"embeddable":true,"href":"https:\/\/junjan.org\/wordpress\/wp-json\/wp\/v2\/comments?post=322"}],"version-history":[{"count":0,"href":"https:\/\/junjan.org\/wordpress\/wp-json\/wp\/v2\/posts\/322\/revisions"}],"wp:attachment":[{"href":"https:\/\/junjan.org\/wordpress\/wp-json\/wp\/v2\/media?parent=322"}],"wp:term":[{"taxonomy":"category","embeddable":true,"href":"https:\/\/junjan.org\/wordpress\/wp-json\/wp\/v2\/categories?post=322"},{"taxonomy":"post_tag","embeddable":true,"href":"https:\/\/junjan.org\/wordpress\/wp-json\/wp\/v2\/tags?post=322"}],"curies":[{"name":"wp","href":"https:\/\/api.w.org\/{rel}","templated":true}]}}