{"id":324,"date":"2004-10-18T20:19:14","date_gmt":"2004-10-18T20:19:14","guid":{"rendered":"http:\/\/junjan.org\/wordpress\/?p=324"},"modified":"2004-10-18T20:19:14","modified_gmt":"2004-10-18T20:19:14","slug":"otra_de_obispos","status":"publish","type":"post","link":"https:\/\/junjan.org\/wordpress\/2004\/10\/otra_de_obispos\/","title":{"rendered":"Otra de obispos"},"content":{"rendered":"<p>El obispo de \u00c1vila, Jes\u00fas Garc\u00eda Burillo:<\/p>\n<div class=\"citation\">\n\u00abNo es f\u00e1cil encontrar en la historia, en tan corto espacio de tiempo, tantos cambios que afectan a la moralidad que un pueblo ha mantenido como inapreciable valor durante siglos, a no ser en momentos de golpes de Estado.\u00bb\n<\/div>\n<p>Y el obispo de Alcal\u00e1, Jes\u00fas Catal\u00e1 ([\u00abCadenaSer\u00bb:http:\/\/www.cadenaser.com\/articulo.html?xref=20041018csrcsrsoc_4&#038;type=Tes&#038;anchor=]):<\/p>\n<div class=\"citation\">\nJes\u00fas Catal\u00e1, obispo de Alcal\u00e1 de Hemares, asegura en una entrevista al \u00abDiario de Alcal\u00e1\u00bb que la nueva ley del divorcio y la que regular\u00e1 los matrimonios homosexuales \u00abvan contra el hombre\u00bb, y tacha la homosexualidad de \u00abanormalidad psicol\u00f3gica\u00bb.  Asegura adem\u00e1s que si los gays adoptan ni\u00f1os, \u00aben un 80% de posibilidades\u00bb \u00e9stos tambi\u00e9n lo ser\u00e1n.<br \/>\nY es igualmente feroz en sus cr\u00edticas contra la reforma educativa, al se\u00f1alar que \u00abel Gobierno se est\u00e1 riendo del derecho de los padres a que elijan la educaci\u00f3n de sus hijos en Religi\u00f3n\u00bb.\n<\/div>\n","protected":false},"excerpt":{"rendered":"<p>El obispo de \u00c1vila, Jes\u00fas Garc\u00eda Burillo: \u00abNo es f\u00e1cil encontrar en la historia, en tan corto espacio de tiempo, tantos cambios que afectan a la moralidad que un pueblo ha mantenido como inapreciable valor durante siglos, a no ser en momentos de golpes de Estado.\u00bb Y el obispo de Alcal\u00e1, Jes\u00fas Catal\u00e1 ([\u00abCadenaSer\u00bb:http:\/\/www.cadenaser.com\/articulo.html?xref=20041018csrcsrsoc_4&#038;type=Tes&#038;anchor=]): Jes\u00fas&hellip;&nbsp;<a href=\"https:\/\/junjan.org\/wordpress\/2004\/10\/otra_de_obispos\/\" rel=\"bookmark\">Leer m\u00e1s &raquo;<span class=\"screen-reader-text\">Otra de obispos<\/span><\/a><\/p>\n","protected":false},"author":1,"featured_media":0,"comment_status":"open","ping_status":"open","sticky":false,"template":"","format":"standard","meta":{"neve_meta_sidebar":"","neve_meta_container":"","neve_meta_enable_content_width":"","neve_meta_content_width":0,"neve_meta_title_alignment":"","neve_meta_author_avatar":"","neve_post_elements_order":"","neve_meta_disable_header":"","neve_meta_disable_footer":"","neve_meta_disable_title":"","footnotes":""},"categories":[32],"tags":[],"class_list":["post-324","post","type-post","status-publish","format-standard","hentry","category-frases"],"_links":{"self":[{"href":"https:\/\/junjan.org\/wordpress\/wp-json\/wp\/v2\/posts\/324","targetHints":{"allow":["GET"]}}],"collection":[{"href":"https:\/\/junjan.org\/wordpress\/wp-json\/wp\/v2\/posts"}],"about":[{"href":"https:\/\/junjan.org\/wordpress\/wp-json\/wp\/v2\/types\/post"}],"author":[{"embeddable":true,"href":"https:\/\/junjan.org\/wordpress\/wp-json\/wp\/v2\/users\/1"}],"replies":[{"embeddable":true,"href":"https:\/\/junjan.org\/wordpress\/wp-json\/wp\/v2\/comments?post=324"}],"version-history":[{"count":0,"href":"https:\/\/junjan.org\/wordpress\/wp-json\/wp\/v2\/posts\/324\/revisions"}],"wp:attachment":[{"href":"https:\/\/junjan.org\/wordpress\/wp-json\/wp\/v2\/media?parent=324"}],"wp:term":[{"taxonomy":"category","embeddable":true,"href":"https:\/\/junjan.org\/wordpress\/wp-json\/wp\/v2\/categories?post=324"},{"taxonomy":"post_tag","embeddable":true,"href":"https:\/\/junjan.org\/wordpress\/wp-json\/wp\/v2\/tags?post=324"}],"curies":[{"name":"wp","href":"https:\/\/api.w.org\/{rel}","templated":true}]}}