{"id":33,"date":"2004-03-11T16:40:10","date_gmt":"2004-03-11T16:40:10","guid":{"rendered":"http:\/\/junjan.org\/wordpress\/?p=33"},"modified":"2022-08-26T19:24:38","modified_gmt":"2022-08-26T17:24:38","slug":"unidad_democrtica_por_la_paz","status":"publish","type":"post","link":"https:\/\/junjan.org\/wordpress\/2004\/03\/unidad_democrtica_por_la_paz\/","title":{"rendered":"Unidad democr\u00e1tica por la paz"},"content":{"rendered":"<p>Tras este atentado horrible, es dificil dar una opini\u00f3n que no suene hueca. Aun as\u00ed dir\u00e9 lo que pienso.<br \/>\nEn cuanto a <span class=\"caps\">ETA<\/span>, no se que decir. Dentro de mi pensamiento, no encuentro ninguna raz\u00f3n, ninguna l\u00f3gica, que pueda llevar a nadie a hacer o promover una masacre como la de hoy. S\u00f3lo se me puede ocurrir que padecen la misma psicopat\u00eda que pudieron padecer los miembros del partido nazi y de las SS. \u00bfEstan locos? Deben estar locos.<br \/>\nCreo que los ciudadanos debemos contraatacar a esta loca violencia indiscriminada con las armas de la no-violencia, hay que responder primero con unidad social en las manifestaciones de ma\u00f1ana y segundo con una participaci\u00f3n democr\u00e1tica masiva en las elecciones del domingo.<br \/>\nTenemos que demostrar que la palabra (y la pluma) puede ser m\u00e1s fuerte que las balas y que si los ciudadanos reclamamos paz de forma abrumadora, podremos conseguir que nuestros representantes pol\u00edticos se lo piensen dos veces y busquen la manera de acabar con el terrorismo.<br \/>\nPara ello, debemos exigir que las fuerzas pol\u00edticas dialoguen entre s\u00ed. Mientras los partidos democr\u00e1ticos vascos y nacionales no consigan formar un bloque ideol\u00f3gico sin fisuras en su planteamiento antiterrorista, no habr\u00e1 soluci\u00f3n.<br \/>\n<b>Manifest\u00e9monos, \u00a1ETA NO! y por favor, votemos todos<\/b>.<\/p>\n","protected":false},"excerpt":{"rendered":"<p>Tras este atentado horrible, es dificil dar una opini\u00f3n que no suene hueca. Aun as\u00ed dir\u00e9 lo que pienso. En cuanto a ETA, no se que decir. Dentro de mi pensamiento, no encuentro ninguna raz\u00f3n, ninguna l\u00f3gica, que pueda llevar a nadie a hacer o promover una masacre como la de hoy. S\u00f3lo se me&hellip;&nbsp;<a href=\"https:\/\/junjan.org\/wordpress\/2004\/03\/unidad_democrtica_por_la_paz\/\" rel=\"bookmark\">Leer m\u00e1s &raquo;<span class=\"screen-reader-text\">Unidad democr\u00e1tica por la paz<\/span><\/a><\/p>\n","protected":false},"author":1,"featured_media":0,"comment_status":"open","ping_status":"open","sticky":false,"template":"","format":"standard","meta":{"neve_meta_sidebar":"","neve_meta_container":"","neve_meta_enable_content_width":"","neve_meta_content_width":0,"neve_meta_title_alignment":"","neve_meta_author_avatar":"","neve_post_elements_order":"","neve_meta_disable_header":"","neve_meta_disable_footer":"","neve_meta_disable_title":"","footnotes":""},"categories":[9],"tags":[36,530,639],"class_list":["post-33","post","type-post","status-publish","format-standard","hentry","category-opinion","tag-11m","tag-atentados","tag-madrid"],"_links":{"self":[{"href":"https:\/\/junjan.org\/wordpress\/wp-json\/wp\/v2\/posts\/33","targetHints":{"allow":["GET"]}}],"collection":[{"href":"https:\/\/junjan.org\/wordpress\/wp-json\/wp\/v2\/posts"}],"about":[{"href":"https:\/\/junjan.org\/wordpress\/wp-json\/wp\/v2\/types\/post"}],"author":[{"embeddable":true,"href":"https:\/\/junjan.org\/wordpress\/wp-json\/wp\/v2\/users\/1"}],"replies":[{"embeddable":true,"href":"https:\/\/junjan.org\/wordpress\/wp-json\/wp\/v2\/comments?post=33"}],"version-history":[{"count":1,"href":"https:\/\/junjan.org\/wordpress\/wp-json\/wp\/v2\/posts\/33\/revisions"}],"predecessor-version":[{"id":2811,"href":"https:\/\/junjan.org\/wordpress\/wp-json\/wp\/v2\/posts\/33\/revisions\/2811"}],"wp:attachment":[{"href":"https:\/\/junjan.org\/wordpress\/wp-json\/wp\/v2\/media?parent=33"}],"wp:term":[{"taxonomy":"category","embeddable":true,"href":"https:\/\/junjan.org\/wordpress\/wp-json\/wp\/v2\/categories?post=33"},{"taxonomy":"post_tag","embeddable":true,"href":"https:\/\/junjan.org\/wordpress\/wp-json\/wp\/v2\/tags?post=33"}],"curies":[{"name":"wp","href":"https:\/\/api.w.org\/{rel}","templated":true}]}}